{"id":2744,"date":"2026-04-29T17:47:55","date_gmt":"2026-04-29T20:47:55","guid":{"rendered":"https:\/\/dossies.agenciapatriciagalvao.org.br\/violencia-em-dados\/?p=2744"},"modified":"2026-04-29T17:47:55","modified_gmt":"2026-04-29T20:47:55","slug":"95-das-mulheres-cearenses-temem-sofrer-violencia-e-a-impunidade-dos-agressores-e-o-fator-que-mais-contribui-para-a-inseguranca","status":"publish","type":"post","link":"https:\/\/dossies.agenciapatriciagalvao.org.br\/violencia-em-dados\/95-das-mulheres-cearenses-temem-sofrer-violencia-e-a-impunidade-dos-agressores-e-o-fator-que-mais-contribui-para-a-inseguranca\/","title":{"rendered":"95% das mulheres cearenses temem sofrer viol\u00eancia e a impunidade dos agressores \u00e9 o fator que mais contribui para a inseguran\u00e7a"},"content":{"rendered":"<p>A pesquisa <em>\u201cMulher Coragem, os medos e demandas das mulheres cearenses por seguran\u00e7a\u201d<\/em> faz parte do Projeto Elas, do Di\u00e1rio do Nordeste, realizado em parceria com o Instituto Patr\u00edcia Galv\u00e3o e executado pela Ipsos-Ipec, com o patroc\u00ednio da Assembleia Legislativa do Cear\u00e1 (Alece). O levantamento aconteceu entre os dias 1 e 14 de outubro de 2025, quando foram realizadas &#8211; de forma presencial &#8211; 2.032 entrevistas no total, distribu\u00eddas em 77 munic\u00edpios, com mulheres de 16 anos ou mais que vivem no estado do Cear\u00e1. A amostra foi elaborada com base em dados do Censo 2022, PNADC 2023, com controle de cotas pelas vari\u00e1veis idade, grau de instru\u00e7\u00e3o, ra\u00e7a\/cor e ramo de atividade. O n\u00edvel de confian\u00e7a \u00e9 de 95% e a margem de erro para o total da amostra \u00e9 de 2 pontos percentuais para mais ou para menos.<\/p>\n<div style=\"position: relative; width: 100%; height: 0px; padding: 752.6% 0px 0px; overflow: hidden; will-change: transform;\"><iframe style=\"position: absolute; width: 100%; height: 100%; top: 0px; left: 0px; border-image: initial; padding: 0px; margin: 0px; border: medium none currentcolor;\" title=\"95% das mulheres cearenses temem sofrer viol\u00eancia e a impunidade dos agressores \u00e9 o fator que mais contribui para a inseguran\u00e7a\" src=\"https:\/\/e.infogram.com\/bf6b9281-3fcf-4ef1-ae89-6e9d42010c31?src=embed&amp;embed_type=responsive_iframe\" allowfullscreen=\"allowfullscreen\"><\/iframe><\/div>\n","protected":false},"excerpt":{"rendered":"<p>A pesquisa \u201cMulher Coragem, os medos e demandas das mulheres cearenses por seguran\u00e7a\u201d faz parte do Projeto Elas, do Di\u00e1rio do Nordeste, realizado em parceria com o Instituto Patr\u00edcia Galv\u00e3o e executado pela Ipsos-Ipec, com o patroc\u00ednio da Assembleia Legislativa do Cear\u00e1 (Alece). O levantamento aconteceu entre os dias 1 e 14 de outubro de [&hellip;]<\/p>\n","protected":false},"author":19,"featured_media":2745,"comment_status":"closed","ping_status":"closed","sticky":false,"template":"","format":"standard","meta":{"footnotes":""},"categories":[135,6,9,8],"tags":[343,341,338,342,136,45,339,340,324,84,22,50,53,214,70,344,130,19],"class_list":["post-2744","post","type-post","status-publish","format-standard","has-post-thumbnail","hentry","category-cultura-da-violencia-e-machismo","category-violencia-de-genero-na-internet","category-violencia-domestica-e-familiar","category-violencia-sexual","tag-autoestima","tag-ce","tag-ceara","tag-inseguranca","tag-medo","tag-mulheres","tag-mulheres-cearenses","tag-pesquisa-estadual","tag-violencia","tag-violencia-contra-a-mulher","tag-violencia-de-genero","tag-violencia-domestica","tag-violencia-fisica","tag-violencia-institucional","tag-violencia-patrimonial","tag-violencia-policial","tag-violencia-psicologica","tag-violencia-sexual"],"yoast_head":"<!-- This site is optimized with the Yoast SEO plugin v27.4 - https:\/\/yoast.com\/product\/yoast-seo-wordpress\/ -->\n<title>95% das mulheres cearenses temem sofrer viol\u00eancia e a impunidade dos agressores \u00e9 o fator que mais contribui para a inseguran\u00e7a - Viol\u00eancia contra a mulher em dados<\/title>\n<meta name=\"robots\" content=\"index, follow, max-snippet:-1, max-image-preview:large, max-video-preview:-1\" \/>\n<link rel=\"canonical\" href=\"https:\/\/dossies.agenciapatriciagalvao.org.br\/violencia-em-dados\/95-das-mulheres-cearenses-temem-sofrer-violencia-e-a-impunidade-dos-agressores-e-o-fator-que-mais-contribui-para-a-inseguranca\/\" \/>\n<meta property=\"og:locale\" content=\"pt_BR\" \/>\n<meta property=\"og:type\" content=\"article\" \/>\n<meta property=\"og:title\" content=\"95% das mulheres cearenses temem sofrer viol\u00eancia e a impunidade dos agressores \u00e9 o fator que mais contribui para a inseguran\u00e7a - Viol\u00eancia contra a mulher em dados\" \/>\n<meta property=\"og:description\" content=\"A pesquisa \u201cMulher Coragem, os medos e demandas das mulheres cearenses por seguran\u00e7a\u201d faz parte do Projeto Elas, do Di\u00e1rio do Nordeste, realizado em parceria com o Instituto Patr\u00edcia Galv\u00e3o e executado pela Ipsos-Ipec, com o patroc\u00ednio da Assembleia Legislativa do Cear\u00e1 (Alece). O levantamento aconteceu entre os dias 1 e 14 de outubro de [&hellip;]\" \/>\n<meta property=\"og:url\" content=\"https:\/\/dossies.agenciapatriciagalvao.org.br\/violencia-em-dados\/95-das-mulheres-cearenses-temem-sofrer-violencia-e-a-impunidade-dos-agressores-e-o-fator-que-mais-contribui-para-a-inseguranca\/\" \/>\n<meta property=\"og:site_name\" content=\"Viol\u00eancia contra a mulher em dados\" \/>\n<meta property=\"article:published_time\" content=\"2026-04-29T20:47:55+00:00\" \/>\n<meta property=\"og:image\" content=\"https:\/\/assets-dossies-ipg-v2.nyc3.digitaloceanspaces.com\/sites\/5\/2026\/04\/infograficovcmpesquisaDN.png\" \/>\n\t<meta property=\"og:image:width\" content=\"508\" \/>\n\t<meta property=\"og:image:height\" content=\"517\" \/>\n\t<meta property=\"og:image:type\" content=\"image\/png\" \/>\n<meta name=\"author\" content=\"flavia\" \/>\n<meta name=\"twitter:card\" content=\"summary_large_image\" \/>\n<meta name=\"twitter:label1\" content=\"Escrito por\" \/>\n\t<meta name=\"twitter:data1\" content=\"flavia\" \/>\n\t<meta name=\"twitter:label2\" content=\"Est. tempo de leitura\" \/>\n\t<meta name=\"twitter:data2\" content=\"1 minuto\" \/>\n<script type=\"application\/ld+json\" class=\"yoast-schema-graph\">{\"@context\":\"https:\\\/\\\/schema.org\",\"@graph\":[{\"@type\":\"Article\",\"@id\":\"https:\\\/\\\/dossies.agenciapatriciagalvao.org.br\\\/violencia-em-dados\\\/95-das-mulheres-cearenses-temem-sofrer-violencia-e-a-impunidade-dos-agressores-e-o-fator-que-mais-contribui-para-a-inseguranca\\\/#article\",\"isPartOf\":{\"@id\":\"https:\\\/\\\/dossies.agenciapatriciagalvao.org.br\\\/violencia-em-dados\\\/95-das-mulheres-cearenses-temem-sofrer-violencia-e-a-impunidade-dos-agressores-e-o-fator-que-mais-contribui-para-a-inseguranca\\\/\"},\"author\":{\"name\":\"flavia\",\"@id\":\"https:\\\/\\\/dossies.agenciapatriciagalvao.org.br\\\/violencia-em-dados\\\/#\\\/schema\\\/person\\\/4486652085e20ba3e59d8c8076130e59\"},\"headline\":\"95% das mulheres cearenses temem sofrer viol\u00eancia e a impunidade dos agressores \u00e9 o fator que mais contribui para a inseguran\u00e7a\",\"datePublished\":\"2026-04-29T20:47:55+00:00\",\"mainEntityOfPage\":{\"@id\":\"https:\\\/\\\/dossies.agenciapatriciagalvao.org.br\\\/violencia-em-dados\\\/95-das-mulheres-cearenses-temem-sofrer-violencia-e-a-impunidade-dos-agressores-e-o-fator-que-mais-contribui-para-a-inseguranca\\\/\"},\"wordCount\":162,\"image\":{\"@id\":\"https:\\\/\\\/dossies.agenciapatriciagalvao.org.br\\\/violencia-em-dados\\\/95-das-mulheres-cearenses-temem-sofrer-violencia-e-a-impunidade-dos-agressores-e-o-fator-que-mais-contribui-para-a-inseguranca\\\/#primaryimage\"},\"thumbnailUrl\":\"https:\\\/\\\/assets-dossies-ipg-v2.nyc3.digitaloceanspaces.com\\\/sites\\\/5\\\/2026\\\/04\\\/infograficovcmpesquisaDN.png\",\"keywords\":[\"autoestima\",\"CE\",\"Ceara\",\"inseguran\u00e7a\",\"medo\",\"mulheres\",\"mulheres cearenses\",\"pesquisa estadual\",\"violencia\",\"violencia contra a mulher\",\"violencia de genero\",\"violencia domestica\",\"violencia fisica\",\"viol\u00eancia institucional\",\"violencia patrimonial\",\"violencia policial\",\"violencia psicologica\",\"violencia sexual\"],\"articleSection\":[\"Cultura da viol\u00eancia e machismo\",\"Viol\u00eancia de g\u00eanero na internet\",\"Viol\u00eancia dom\u00e9stica e familiar\",\"Viol\u00eancia sexual\"],\"inLanguage\":\"pt-BR\"},{\"@type\":\"WebPage\",\"@id\":\"https:\\\/\\\/dossies.agenciapatriciagalvao.org.br\\\/violencia-em-dados\\\/95-das-mulheres-cearenses-temem-sofrer-violencia-e-a-impunidade-dos-agressores-e-o-fator-que-mais-contribui-para-a-inseguranca\\\/\",\"url\":\"https:\\\/\\\/dossies.agenciapatriciagalvao.org.br\\\/violencia-em-dados\\\/95-das-mulheres-cearenses-temem-sofrer-violencia-e-a-impunidade-dos-agressores-e-o-fator-que-mais-contribui-para-a-inseguranca\\\/\",\"name\":\"95% das mulheres cearenses temem sofrer viol\u00eancia e a impunidade dos agressores \u00e9 o fator que mais contribui para a inseguran\u00e7a - Viol\u00eancia contra a mulher em dados\",\"isPartOf\":{\"@id\":\"https:\\\/\\\/dossies.agenciapatriciagalvao.org.br\\\/violencia-em-dados\\\/#website\"},\"primaryImageOfPage\":{\"@id\":\"https:\\\/\\\/dossies.agenciapatriciagalvao.org.br\\\/violencia-em-dados\\\/95-das-mulheres-cearenses-temem-sofrer-violencia-e-a-impunidade-dos-agressores-e-o-fator-que-mais-contribui-para-a-inseguranca\\\/#primaryimage\"},\"image\":{\"@id\":\"https:\\\/\\\/dossies.agenciapatriciagalvao.org.br\\\/violencia-em-dados\\\/95-das-mulheres-cearenses-temem-sofrer-violencia-e-a-impunidade-dos-agressores-e-o-fator-que-mais-contribui-para-a-inseguranca\\\/#primaryimage\"},\"thumbnailUrl\":\"https:\\\/\\\/assets-dossies-ipg-v2.nyc3.digitaloceanspaces.com\\\/sites\\\/5\\\/2026\\\/04\\\/infograficovcmpesquisaDN.png\",\"datePublished\":\"2026-04-29T20:47:55+00:00\",\"author\":{\"@id\":\"https:\\\/\\\/dossies.agenciapatriciagalvao.org.br\\\/violencia-em-dados\\\/#\\\/schema\\\/person\\\/4486652085e20ba3e59d8c8076130e59\"},\"breadcrumb\":{\"@id\":\"https:\\\/\\\/dossies.agenciapatriciagalvao.org.br\\\/violencia-em-dados\\\/95-das-mulheres-cearenses-temem-sofrer-violencia-e-a-impunidade-dos-agressores-e-o-fator-que-mais-contribui-para-a-inseguranca\\\/#breadcrumb\"},\"inLanguage\":\"pt-BR\",\"potentialAction\":[{\"@type\":\"ReadAction\",\"target\":[\"https:\\\/\\\/dossies.agenciapatriciagalvao.org.br\\\/violencia-em-dados\\\/95-das-mulheres-cearenses-temem-sofrer-violencia-e-a-impunidade-dos-agressores-e-o-fator-que-mais-contribui-para-a-inseguranca\\\/\"]}]},{\"@type\":\"ImageObject\",\"inLanguage\":\"pt-BR\",\"@id\":\"https:\\\/\\\/dossies.agenciapatriciagalvao.org.br\\\/violencia-em-dados\\\/95-das-mulheres-cearenses-temem-sofrer-violencia-e-a-impunidade-dos-agressores-e-o-fator-que-mais-contribui-para-a-inseguranca\\\/#primaryimage\",\"url\":\"https:\\\/\\\/assets-dossies-ipg-v2.nyc3.digitaloceanspaces.com\\\/sites\\\/5\\\/2026\\\/04\\\/infograficovcmpesquisaDN.png\",\"contentUrl\":\"https:\\\/\\\/assets-dossies-ipg-v2.nyc3.digitaloceanspaces.com\\\/sites\\\/5\\\/2026\\\/04\\\/infograficovcmpesquisaDN.png\",\"width\":508,\"height\":517},{\"@type\":\"BreadcrumbList\",\"@id\":\"https:\\\/\\\/dossies.agenciapatriciagalvao.org.br\\\/violencia-em-dados\\\/95-das-mulheres-cearenses-temem-sofrer-violencia-e-a-impunidade-dos-agressores-e-o-fator-que-mais-contribui-para-a-inseguranca\\\/#breadcrumb\",\"itemListElement\":[{\"@type\":\"ListItem\",\"position\":1,\"name\":\"Home\",\"item\":\"https:\\\/\\\/dossies.agenciapatriciagalvao.org.br\\\/violencia-em-dados\\\/\"},{\"@type\":\"ListItem\",\"position\":2,\"name\":\"95% das mulheres cearenses temem sofrer viol\u00eancia e a impunidade dos agressores \u00e9 o fator que mais contribui para a inseguran\u00e7a\"}]},{\"@type\":\"WebSite\",\"@id\":\"https:\\\/\\\/dossies.agenciapatriciagalvao.org.br\\\/violencia-em-dados\\\/#website\",\"url\":\"https:\\\/\\\/dossies.agenciapatriciagalvao.org.br\\\/violencia-em-dados\\\/\",\"name\":\"Viol\u00eancia contra a mulher em dados\",\"description\":\"&lt;strong&gt;Viol\u00eancia contra as Mulheres em Dados&lt;\\\/strong&gt; re\u00fane pesquisas e dados recentes relacionados \u00e0s viol\u00eancias contra as mulheres no Brasil, com base no monitoramento e curadoria realizados pelo Instituto Patr\u00edcia Galv\u00e3o \u2013 com foco na viol\u00eancia dom\u00e9stica, sexual e online, no feminic\u00eddio e na intersec\u00e7\u00e3o com o racismo e a LGBT+fobia.\",\"potentialAction\":[{\"@type\":\"SearchAction\",\"target\":{\"@type\":\"EntryPoint\",\"urlTemplate\":\"https:\\\/\\\/dossies.agenciapatriciagalvao.org.br\\\/violencia-em-dados\\\/?s={search_term_string}\"},\"query-input\":{\"@type\":\"PropertyValueSpecification\",\"valueRequired\":true,\"valueName\":\"search_term_string\"}}],\"inLanguage\":\"pt-BR\"},{\"@type\":\"Person\",\"@id\":\"https:\\\/\\\/dossies.agenciapatriciagalvao.org.br\\\/violencia-em-dados\\\/#\\\/schema\\\/person\\\/4486652085e20ba3e59d8c8076130e59\",\"name\":\"flavia\",\"image\":{\"@type\":\"ImageObject\",\"inLanguage\":\"pt-BR\",\"@id\":\"https:\\\/\\\/secure.gravatar.com\\\/avatar\\\/fb2c188dd89605b7fb933ff4b7d0c767bdffff9620e042c8aba7d3a5b4c6bef1?s=96&d=mm&r=g\",\"url\":\"https:\\\/\\\/secure.gravatar.com\\\/avatar\\\/fb2c188dd89605b7fb933ff4b7d0c767bdffff9620e042c8aba7d3a5b4c6bef1?s=96&d=mm&r=g\",\"contentUrl\":\"https:\\\/\\\/secure.gravatar.com\\\/avatar\\\/fb2c188dd89605b7fb933ff4b7d0c767bdffff9620e042c8aba7d3a5b4c6bef1?s=96&d=mm&r=g\",\"caption\":\"flavia\"},\"url\":\"https:\\\/\\\/dossies.agenciapatriciagalvao.org.br\\\/violencia-em-dados\\\/author\\\/flavia\\\/\"}]}<\/script>\n<!-- \/ Yoast SEO plugin. -->","yoast_head_json":{"title":"95% das mulheres cearenses temem sofrer viol\u00eancia e a impunidade dos agressores \u00e9 o fator que mais contribui para a inseguran\u00e7a - Viol\u00eancia contra a mulher em dados","robots":{"index":"index","follow":"follow","max-snippet":"max-snippet:-1","max-image-preview":"max-image-preview:large","max-video-preview":"max-video-preview:-1"},"canonical":"https:\/\/dossies.agenciapatriciagalvao.org.br\/violencia-em-dados\/95-das-mulheres-cearenses-temem-sofrer-violencia-e-a-impunidade-dos-agressores-e-o-fator-que-mais-contribui-para-a-inseguranca\/","og_locale":"pt_BR","og_type":"article","og_title":"95% das mulheres cearenses temem sofrer viol\u00eancia e a impunidade dos agressores \u00e9 o fator que mais contribui para a inseguran\u00e7a - Viol\u00eancia contra a mulher em dados","og_description":"A pesquisa \u201cMulher Coragem, os medos e demandas das mulheres cearenses por seguran\u00e7a\u201d faz parte do Projeto Elas, do Di\u00e1rio do Nordeste, realizado em parceria com o Instituto Patr\u00edcia Galv\u00e3o e executado pela Ipsos-Ipec, com o patroc\u00ednio da Assembleia Legislativa do Cear\u00e1 (Alece). O levantamento aconteceu entre os dias 1 e 14 de outubro de [&hellip;]","og_url":"https:\/\/dossies.agenciapatriciagalvao.org.br\/violencia-em-dados\/95-das-mulheres-cearenses-temem-sofrer-violencia-e-a-impunidade-dos-agressores-e-o-fator-que-mais-contribui-para-a-inseguranca\/","og_site_name":"Viol\u00eancia contra a mulher em dados","article_published_time":"2026-04-29T20:47:55+00:00","og_image":[{"width":508,"height":517,"url":"https:\/\/assets-dossies-ipg-v2.nyc3.digitaloceanspaces.com\/sites\/5\/2026\/04\/infograficovcmpesquisaDN.png","type":"image\/png"}],"author":"flavia","twitter_card":"summary_large_image","twitter_misc":{"Escrito por":"flavia","Est. tempo de leitura":"1 minuto"},"schema":{"@context":"https:\/\/schema.org","@graph":[{"@type":"Article","@id":"https:\/\/dossies.agenciapatriciagalvao.org.br\/violencia-em-dados\/95-das-mulheres-cearenses-temem-sofrer-violencia-e-a-impunidade-dos-agressores-e-o-fator-que-mais-contribui-para-a-inseguranca\/#article","isPartOf":{"@id":"https:\/\/dossies.agenciapatriciagalvao.org.br\/violencia-em-dados\/95-das-mulheres-cearenses-temem-sofrer-violencia-e-a-impunidade-dos-agressores-e-o-fator-que-mais-contribui-para-a-inseguranca\/"},"author":{"name":"flavia","@id":"https:\/\/dossies.agenciapatriciagalvao.org.br\/violencia-em-dados\/#\/schema\/person\/4486652085e20ba3e59d8c8076130e59"},"headline":"95% das mulheres cearenses temem sofrer viol\u00eancia e a impunidade dos agressores \u00e9 o fator que mais contribui para a inseguran\u00e7a","datePublished":"2026-04-29T20:47:55+00:00","mainEntityOfPage":{"@id":"https:\/\/dossies.agenciapatriciagalvao.org.br\/violencia-em-dados\/95-das-mulheres-cearenses-temem-sofrer-violencia-e-a-impunidade-dos-agressores-e-o-fator-que-mais-contribui-para-a-inseguranca\/"},"wordCount":162,"image":{"@id":"https:\/\/dossies.agenciapatriciagalvao.org.br\/violencia-em-dados\/95-das-mulheres-cearenses-temem-sofrer-violencia-e-a-impunidade-dos-agressores-e-o-fator-que-mais-contribui-para-a-inseguranca\/#primaryimage"},"thumbnailUrl":"https:\/\/assets-dossies-ipg-v2.nyc3.digitaloceanspaces.com\/sites\/5\/2026\/04\/infograficovcmpesquisaDN.png","keywords":["autoestima","CE","Ceara","inseguran\u00e7a","medo","mulheres","mulheres cearenses","pesquisa estadual","violencia","violencia contra a mulher","violencia de genero","violencia domestica","violencia fisica","viol\u00eancia institucional","violencia patrimonial","violencia policial","violencia psicologica","violencia sexual"],"articleSection":["Cultura da viol\u00eancia e machismo","Viol\u00eancia de g\u00eanero na internet","Viol\u00eancia dom\u00e9stica e familiar","Viol\u00eancia sexual"],"inLanguage":"pt-BR"},{"@type":"WebPage","@id":"https:\/\/dossies.agenciapatriciagalvao.org.br\/violencia-em-dados\/95-das-mulheres-cearenses-temem-sofrer-violencia-e-a-impunidade-dos-agressores-e-o-fator-que-mais-contribui-para-a-inseguranca\/","url":"https:\/\/dossies.agenciapatriciagalvao.org.br\/violencia-em-dados\/95-das-mulheres-cearenses-temem-sofrer-violencia-e-a-impunidade-dos-agressores-e-o-fator-que-mais-contribui-para-a-inseguranca\/","name":"95% das mulheres cearenses temem sofrer viol\u00eancia e a impunidade dos agressores \u00e9 o fator que mais contribui para a inseguran\u00e7a - Viol\u00eancia contra a mulher em dados","isPartOf":{"@id":"https:\/\/dossies.agenciapatriciagalvao.org.br\/violencia-em-dados\/#website"},"primaryImageOfPage":{"@id":"https:\/\/dossies.agenciapatriciagalvao.org.br\/violencia-em-dados\/95-das-mulheres-cearenses-temem-sofrer-violencia-e-a-impunidade-dos-agressores-e-o-fator-que-mais-contribui-para-a-inseguranca\/#primaryimage"},"image":{"@id":"https:\/\/dossies.agenciapatriciagalvao.org.br\/violencia-em-dados\/95-das-mulheres-cearenses-temem-sofrer-violencia-e-a-impunidade-dos-agressores-e-o-fator-que-mais-contribui-para-a-inseguranca\/#primaryimage"},"thumbnailUrl":"https:\/\/assets-dossies-ipg-v2.nyc3.digitaloceanspaces.com\/sites\/5\/2026\/04\/infograficovcmpesquisaDN.png","datePublished":"2026-04-29T20:47:55+00:00","author":{"@id":"https:\/\/dossies.agenciapatriciagalvao.org.br\/violencia-em-dados\/#\/schema\/person\/4486652085e20ba3e59d8c8076130e59"},"breadcrumb":{"@id":"https:\/\/dossies.agenciapatriciagalvao.org.br\/violencia-em-dados\/95-das-mulheres-cearenses-temem-sofrer-violencia-e-a-impunidade-dos-agressores-e-o-fator-que-mais-contribui-para-a-inseguranca\/#breadcrumb"},"inLanguage":"pt-BR","potentialAction":[{"@type":"ReadAction","target":["https:\/\/dossies.agenciapatriciagalvao.org.br\/violencia-em-dados\/95-das-mulheres-cearenses-temem-sofrer-violencia-e-a-impunidade-dos-agressores-e-o-fator-que-mais-contribui-para-a-inseguranca\/"]}]},{"@type":"ImageObject","inLanguage":"pt-BR","@id":"https:\/\/dossies.agenciapatriciagalvao.org.br\/violencia-em-dados\/95-das-mulheres-cearenses-temem-sofrer-violencia-e-a-impunidade-dos-agressores-e-o-fator-que-mais-contribui-para-a-inseguranca\/#primaryimage","url":"https:\/\/assets-dossies-ipg-v2.nyc3.digitaloceanspaces.com\/sites\/5\/2026\/04\/infograficovcmpesquisaDN.png","contentUrl":"https:\/\/assets-dossies-ipg-v2.nyc3.digitaloceanspaces.com\/sites\/5\/2026\/04\/infograficovcmpesquisaDN.png","width":508,"height":517},{"@type":"BreadcrumbList","@id":"https:\/\/dossies.agenciapatriciagalvao.org.br\/violencia-em-dados\/95-das-mulheres-cearenses-temem-sofrer-violencia-e-a-impunidade-dos-agressores-e-o-fator-que-mais-contribui-para-a-inseguranca\/#breadcrumb","itemListElement":[{"@type":"ListItem","position":1,"name":"Home","item":"https:\/\/dossies.agenciapatriciagalvao.org.br\/violencia-em-dados\/"},{"@type":"ListItem","position":2,"name":"95% das mulheres cearenses temem sofrer viol\u00eancia e a impunidade dos agressores \u00e9 o fator que mais contribui para a inseguran\u00e7a"}]},{"@type":"WebSite","@id":"https:\/\/dossies.agenciapatriciagalvao.org.br\/violencia-em-dados\/#website","url":"https:\/\/dossies.agenciapatriciagalvao.org.br\/violencia-em-dados\/","name":"Viol\u00eancia contra a mulher em dados","description":"&lt;strong&gt;Viol\u00eancia contra as Mulheres em Dados&lt;\/strong&gt; re\u00fane pesquisas e dados recentes relacionados \u00e0s viol\u00eancias contra as mulheres no Brasil, com base no monitoramento e curadoria realizados pelo Instituto Patr\u00edcia Galv\u00e3o \u2013 com foco na viol\u00eancia dom\u00e9stica, sexual e online, no feminic\u00eddio e na intersec\u00e7\u00e3o com o racismo e a LGBT+fobia.","potentialAction":[{"@type":"SearchAction","target":{"@type":"EntryPoint","urlTemplate":"https:\/\/dossies.agenciapatriciagalvao.org.br\/violencia-em-dados\/?s={search_term_string}"},"query-input":{"@type":"PropertyValueSpecification","valueRequired":true,"valueName":"search_term_string"}}],"inLanguage":"pt-BR"},{"@type":"Person","@id":"https:\/\/dossies.agenciapatriciagalvao.org.br\/violencia-em-dados\/#\/schema\/person\/4486652085e20ba3e59d8c8076130e59","name":"flavia","image":{"@type":"ImageObject","inLanguage":"pt-BR","@id":"https:\/\/secure.gravatar.com\/avatar\/fb2c188dd89605b7fb933ff4b7d0c767bdffff9620e042c8aba7d3a5b4c6bef1?s=96&d=mm&r=g","url":"https:\/\/secure.gravatar.com\/avatar\/fb2c188dd89605b7fb933ff4b7d0c767bdffff9620e042c8aba7d3a5b4c6bef1?s=96&d=mm&r=g","contentUrl":"https:\/\/secure.gravatar.com\/avatar\/fb2c188dd89605b7fb933ff4b7d0c767bdffff9620e042c8aba7d3a5b4c6bef1?s=96&d=mm&r=g","caption":"flavia"},"url":"https:\/\/dossies.agenciapatriciagalvao.org.br\/violencia-em-dados\/author\/flavia\/"}]}},"views":2,"_links":{"self":[{"href":"https:\/\/dossies.agenciapatriciagalvao.org.br\/violencia-em-dados\/wp-json\/wp\/v2\/posts\/2744","targetHints":{"allow":["GET"]}}],"collection":[{"href":"https:\/\/dossies.agenciapatriciagalvao.org.br\/violencia-em-dados\/wp-json\/wp\/v2\/posts"}],"about":[{"href":"https:\/\/dossies.agenciapatriciagalvao.org.br\/violencia-em-dados\/wp-json\/wp\/v2\/types\/post"}],"author":[{"embeddable":true,"href":"https:\/\/dossies.agenciapatriciagalvao.org.br\/violencia-em-dados\/wp-json\/wp\/v2\/users\/19"}],"replies":[{"embeddable":true,"href":"https:\/\/dossies.agenciapatriciagalvao.org.br\/violencia-em-dados\/wp-json\/wp\/v2\/comments?post=2744"}],"version-history":[{"count":1,"href":"https:\/\/dossies.agenciapatriciagalvao.org.br\/violencia-em-dados\/wp-json\/wp\/v2\/posts\/2744\/revisions"}],"predecessor-version":[{"id":2746,"href":"https:\/\/dossies.agenciapatriciagalvao.org.br\/violencia-em-dados\/wp-json\/wp\/v2\/posts\/2744\/revisions\/2746"}],"wp:featuredmedia":[{"embeddable":true,"href":"https:\/\/dossies.agenciapatriciagalvao.org.br\/violencia-em-dados\/wp-json\/wp\/v2\/media\/2745"}],"wp:attachment":[{"href":"https:\/\/dossies.agenciapatriciagalvao.org.br\/violencia-em-dados\/wp-json\/wp\/v2\/media?parent=2744"}],"wp:term":[{"taxonomy":"category","embeddable":true,"href":"https:\/\/dossies.agenciapatriciagalvao.org.br\/violencia-em-dados\/wp-json\/wp\/v2\/categories?post=2744"},{"taxonomy":"post_tag","embeddable":true,"href":"https:\/\/dossies.agenciapatriciagalvao.org.br\/violencia-em-dados\/wp-json\/wp\/v2\/tags?post=2744"}],"curies":[{"name":"wp","href":"https:\/\/api.w.org\/{rel}","templated":true}]}}