{"id":2715,"date":"2025-12-04T13:52:58","date_gmt":"2025-12-04T16:52:58","guid":{"rendered":"https:\/\/dossies.agenciapatriciagalvao.org.br\/violencia-em-dados\/?p=2715"},"modified":"2026-02-12T15:52:21","modified_gmt":"2026-02-12T18:52:21","slug":"46-das-brasileiras-afirmam-que-as-mulheres-nao-sao-tratadas-com-respeito-no-pais","status":"publish","type":"post","link":"https:\/\/dossies.agenciapatriciagalvao.org.br\/violencia-em-dados\/46-das-brasileiras-afirmam-que-as-mulheres-nao-sao-tratadas-com-respeito-no-pais\/","title":{"rendered":"46% das brasileiras afirmam que as mulheres n\u00e3o s\u00e3o tratadas com respeito no pa\u00eds"},"content":{"rendered":"<p>A 11\u00aa edi\u00e7\u00e3o da pesquisa nacional de opini\u00e3o sobre viol\u00eancia dom\u00e9stica e familiar contra a mulher, realizada pelo Instituto de Pesquisa DataSenado em parceria com o Observat\u00f3rio da Mulher contra a Viol\u00eancia (OMV), entrevistou 21.461 brasileiras de 16 anos ou mais, por telefone, entre 16 de maio e 8 de julho de 2025. H\u00e1 20 anos, desde 2005, o levantamento acompanha a percep\u00e7\u00e3o das mulheres sobre a viol\u00eancia dom\u00e9stica e familiar. Ao longo desse per\u00edodo, j\u00e1 ouviu 56.085 brasileiras, consolidando-se como a maior e mais longa s\u00e9rie hist\u00f3rica sobre o tema no pa\u00eds. A percep\u00e7\u00e3o de que as mulheres n\u00e3o s\u00e3o tratadas com respeito no Brasil permanece alta e est\u00e1vel, com 46% tanto em 2023 quanto em 2025. J\u00e1 a vis\u00e3o de que o pa\u00eds \u00e9 muito machista aumentou em rela\u00e7\u00e3o a 2023 e voltou ao patamar de 2021.<\/p>\n<div style=\"position: relative; width: 100%; height: 0px; padding: 317.51% 0px 0px; overflow: hidden; will-change: transform;\"><iframe style=\"position: absolute; width: 100%; height: 100%; top: 0px; left: 0px; border: none; padding: 0px; margin: 0px;\" title=\"46% das brasileiras afirmam que as mulheres n\u00e3o s\u00e3o tratadas com respeito no pa\u00eds\" src=\"https:\/\/e.infogram.com\/977ebc11-34a7-4f74-9e78-7e3a52916bce?src=embed&amp;embed_type=responsive_iframe\" allowfullscreen=\"allowfullscreen\"><\/iframe><\/div>\n","protected":false},"excerpt":{"rendered":"<p>A 11\u00aa edi\u00e7\u00e3o da pesquisa nacional de opini\u00e3o sobre viol\u00eancia dom\u00e9stica e familiar contra a mulher, realizada pelo Instituto de Pesquisa DataSenado em parceria com o Observat\u00f3rio da Mulher contra a Viol\u00eancia (OMV), entrevistou 21.461 brasileiras de 16 anos ou mais, por telefone, entre 16 de maio e 8 de julho de 2025. H\u00e1 20 [&hellip;]<\/p>\n","protected":false},"author":19,"featured_media":2717,"comment_status":"closed","ping_status":"closed","sticky":false,"template":"","format":"standard","meta":{"footnotes":""},"categories":[135,9,8],"tags":[91,203,29,28,22,50,52,54,53,71,70,130,19],"class_list":["post-2715","post","type-post","status-publish","format-standard","has-post-thumbnail","hentry","category-cultura-da-violencia-e-machismo","category-violencia-domestica-e-familiar","category-violencia-sexual","tag-agressao","tag-desigualdade-de-genero","tag-lei-maria-da-penha","tag-violencia-contra-as-mulheres","tag-violencia-de-genero","tag-violencia-domestica","tag-violencia-domestica-e-familiar","tag-violencia-familiar","tag-violencia-fisica","tag-violencia-moral","tag-violencia-patrimonial","tag-violencia-psicologica","tag-violencia-sexual"],"yoast_head":"<!-- This site is optimized with the Yoast SEO plugin v27.4 - https:\/\/yoast.com\/product\/yoast-seo-wordpress\/ -->\n<title>46% das brasileiras afirmam que as mulheres n\u00e3o s\u00e3o tratadas com respeito no pa\u00eds - Viol\u00eancia contra a mulher em dados<\/title>\n<meta name=\"robots\" content=\"index, follow, max-snippet:-1, max-image-preview:large, max-video-preview:-1\" \/>\n<link rel=\"canonical\" href=\"https:\/\/dossies.agenciapatriciagalvao.org.br\/violencia-em-dados\/46-das-brasileiras-afirmam-que-as-mulheres-nao-sao-tratadas-com-respeito-no-pais\/\" \/>\n<meta property=\"og:locale\" content=\"pt_BR\" \/>\n<meta property=\"og:type\" content=\"article\" \/>\n<meta property=\"og:title\" content=\"46% das brasileiras afirmam que as mulheres n\u00e3o s\u00e3o tratadas com respeito no pa\u00eds - Viol\u00eancia contra a mulher em dados\" \/>\n<meta property=\"og:description\" content=\"A 11\u00aa edi\u00e7\u00e3o da pesquisa nacional de opini\u00e3o sobre viol\u00eancia dom\u00e9stica e familiar contra a mulher, realizada pelo Instituto de Pesquisa DataSenado em parceria com o Observat\u00f3rio da Mulher contra a Viol\u00eancia (OMV), entrevistou 21.461 brasileiras de 16 anos ou mais, por telefone, entre 16 de maio e 8 de julho de 2025. H\u00e1 20 [&hellip;]\" \/>\n<meta property=\"og:url\" content=\"https:\/\/dossies.agenciapatriciagalvao.org.br\/violencia-em-dados\/46-das-brasileiras-afirmam-que-as-mulheres-nao-sao-tratadas-com-respeito-no-pais\/\" \/>\n<meta property=\"og:site_name\" content=\"Viol\u00eancia contra a mulher em dados\" \/>\n<meta property=\"article:published_time\" content=\"2025-12-04T16:52:58+00:00\" \/>\n<meta property=\"article:modified_time\" content=\"2026-02-12T18:52:21+00:00\" \/>\n<meta property=\"og:image\" content=\"https:\/\/assets-dossies-ipg-v2.nyc3.digitaloceanspaces.com\/sites\/5\/2025\/12\/infografico-VCM-pesquisa-DataSenado-2025.png\" \/>\n\t<meta property=\"og:image:width\" content=\"506\" \/>\n\t<meta property=\"og:image:height\" content=\"530\" \/>\n\t<meta property=\"og:image:type\" content=\"image\/png\" \/>\n<meta name=\"author\" content=\"flavia\" \/>\n<meta name=\"twitter:card\" content=\"summary_large_image\" \/>\n<meta name=\"twitter:label1\" content=\"Escrito por\" \/>\n\t<meta name=\"twitter:data1\" content=\"flavia\" \/>\n\t<meta name=\"twitter:label2\" content=\"Est. tempo de leitura\" \/>\n\t<meta name=\"twitter:data2\" content=\"1 minuto\" \/>\n<script type=\"application\/ld+json\" class=\"yoast-schema-graph\">{\"@context\":\"https:\\\/\\\/schema.org\",\"@graph\":[{\"@type\":\"Article\",\"@id\":\"https:\\\/\\\/dossies.agenciapatriciagalvao.org.br\\\/violencia-em-dados\\\/46-das-brasileiras-afirmam-que-as-mulheres-nao-sao-tratadas-com-respeito-no-pais\\\/#article\",\"isPartOf\":{\"@id\":\"https:\\\/\\\/dossies.agenciapatriciagalvao.org.br\\\/violencia-em-dados\\\/46-das-brasileiras-afirmam-que-as-mulheres-nao-sao-tratadas-com-respeito-no-pais\\\/\"},\"author\":{\"name\":\"flavia\",\"@id\":\"https:\\\/\\\/dossies.agenciapatriciagalvao.org.br\\\/violencia-em-dados\\\/#\\\/schema\\\/person\\\/4486652085e20ba3e59d8c8076130e59\"},\"headline\":\"46% das brasileiras afirmam que as mulheres n\u00e3o s\u00e3o tratadas com respeito no pa\u00eds\",\"datePublished\":\"2025-12-04T16:52:58+00:00\",\"dateModified\":\"2026-02-12T18:52:21+00:00\",\"mainEntityOfPage\":{\"@id\":\"https:\\\/\\\/dossies.agenciapatriciagalvao.org.br\\\/violencia-em-dados\\\/46-das-brasileiras-afirmam-que-as-mulheres-nao-sao-tratadas-com-respeito-no-pais\\\/\"},\"wordCount\":160,\"image\":{\"@id\":\"https:\\\/\\\/dossies.agenciapatriciagalvao.org.br\\\/violencia-em-dados\\\/46-das-brasileiras-afirmam-que-as-mulheres-nao-sao-tratadas-com-respeito-no-pais\\\/#primaryimage\"},\"thumbnailUrl\":\"https:\\\/\\\/assets-dossies-ipg-v2.nyc3.digitaloceanspaces.com\\\/sites\\\/5\\\/2025\\\/12\\\/infografico-VCM-pesquisa-DataSenado-2025.png\",\"keywords\":[\"agressao\",\"desigualdade de genero\",\"lei maria da penha\",\"violencia contra as mulheres\",\"violencia de genero\",\"violencia domestica\",\"violencia domestica e familiar\",\"violencia familiar\",\"violencia fisica\",\"violencia moral\",\"violencia patrimonial\",\"violencia psicologica\",\"violencia sexual\"],\"articleSection\":[\"Cultura da viol\u00eancia e machismo\",\"Viol\u00eancia dom\u00e9stica e familiar\",\"Viol\u00eancia sexual\"],\"inLanguage\":\"pt-BR\"},{\"@type\":\"WebPage\",\"@id\":\"https:\\\/\\\/dossies.agenciapatriciagalvao.org.br\\\/violencia-em-dados\\\/46-das-brasileiras-afirmam-que-as-mulheres-nao-sao-tratadas-com-respeito-no-pais\\\/\",\"url\":\"https:\\\/\\\/dossies.agenciapatriciagalvao.org.br\\\/violencia-em-dados\\\/46-das-brasileiras-afirmam-que-as-mulheres-nao-sao-tratadas-com-respeito-no-pais\\\/\",\"name\":\"46% das brasileiras afirmam que as mulheres n\u00e3o s\u00e3o tratadas com respeito no pa\u00eds - Viol\u00eancia contra a mulher em dados\",\"isPartOf\":{\"@id\":\"https:\\\/\\\/dossies.agenciapatriciagalvao.org.br\\\/violencia-em-dados\\\/#website\"},\"primaryImageOfPage\":{\"@id\":\"https:\\\/\\\/dossies.agenciapatriciagalvao.org.br\\\/violencia-em-dados\\\/46-das-brasileiras-afirmam-que-as-mulheres-nao-sao-tratadas-com-respeito-no-pais\\\/#primaryimage\"},\"image\":{\"@id\":\"https:\\\/\\\/dossies.agenciapatriciagalvao.org.br\\\/violencia-em-dados\\\/46-das-brasileiras-afirmam-que-as-mulheres-nao-sao-tratadas-com-respeito-no-pais\\\/#primaryimage\"},\"thumbnailUrl\":\"https:\\\/\\\/assets-dossies-ipg-v2.nyc3.digitaloceanspaces.com\\\/sites\\\/5\\\/2025\\\/12\\\/infografico-VCM-pesquisa-DataSenado-2025.png\",\"datePublished\":\"2025-12-04T16:52:58+00:00\",\"dateModified\":\"2026-02-12T18:52:21+00:00\",\"author\":{\"@id\":\"https:\\\/\\\/dossies.agenciapatriciagalvao.org.br\\\/violencia-em-dados\\\/#\\\/schema\\\/person\\\/4486652085e20ba3e59d8c8076130e59\"},\"breadcrumb\":{\"@id\":\"https:\\\/\\\/dossies.agenciapatriciagalvao.org.br\\\/violencia-em-dados\\\/46-das-brasileiras-afirmam-que-as-mulheres-nao-sao-tratadas-com-respeito-no-pais\\\/#breadcrumb\"},\"inLanguage\":\"pt-BR\",\"potentialAction\":[{\"@type\":\"ReadAction\",\"target\":[\"https:\\\/\\\/dossies.agenciapatriciagalvao.org.br\\\/violencia-em-dados\\\/46-das-brasileiras-afirmam-que-as-mulheres-nao-sao-tratadas-com-respeito-no-pais\\\/\"]}]},{\"@type\":\"ImageObject\",\"inLanguage\":\"pt-BR\",\"@id\":\"https:\\\/\\\/dossies.agenciapatriciagalvao.org.br\\\/violencia-em-dados\\\/46-das-brasileiras-afirmam-que-as-mulheres-nao-sao-tratadas-com-respeito-no-pais\\\/#primaryimage\",\"url\":\"https:\\\/\\\/assets-dossies-ipg-v2.nyc3.digitaloceanspaces.com\\\/sites\\\/5\\\/2025\\\/12\\\/infografico-VCM-pesquisa-DataSenado-2025.png\",\"contentUrl\":\"https:\\\/\\\/assets-dossies-ipg-v2.nyc3.digitaloceanspaces.com\\\/sites\\\/5\\\/2025\\\/12\\\/infografico-VCM-pesquisa-DataSenado-2025.png\",\"width\":506,\"height\":530},{\"@type\":\"BreadcrumbList\",\"@id\":\"https:\\\/\\\/dossies.agenciapatriciagalvao.org.br\\\/violencia-em-dados\\\/46-das-brasileiras-afirmam-que-as-mulheres-nao-sao-tratadas-com-respeito-no-pais\\\/#breadcrumb\",\"itemListElement\":[{\"@type\":\"ListItem\",\"position\":1,\"name\":\"Home\",\"item\":\"https:\\\/\\\/dossies.agenciapatriciagalvao.org.br\\\/violencia-em-dados\\\/\"},{\"@type\":\"ListItem\",\"position\":2,\"name\":\"46% das brasileiras afirmam que as mulheres n\u00e3o s\u00e3o tratadas com respeito no pa\u00eds\"}]},{\"@type\":\"WebSite\",\"@id\":\"https:\\\/\\\/dossies.agenciapatriciagalvao.org.br\\\/violencia-em-dados\\\/#website\",\"url\":\"https:\\\/\\\/dossies.agenciapatriciagalvao.org.br\\\/violencia-em-dados\\\/\",\"name\":\"Viol\u00eancia contra a mulher em dados\",\"description\":\"&lt;strong&gt;Viol\u00eancia contra as Mulheres em Dados&lt;\\\/strong&gt; re\u00fane pesquisas e dados recentes relacionados \u00e0s viol\u00eancias contra as mulheres no Brasil, com base no monitoramento e curadoria realizados pelo Instituto Patr\u00edcia Galv\u00e3o \u2013 com foco na viol\u00eancia dom\u00e9stica, sexual e online, no feminic\u00eddio e na intersec\u00e7\u00e3o com o racismo e a LGBT+fobia.\",\"potentialAction\":[{\"@type\":\"SearchAction\",\"target\":{\"@type\":\"EntryPoint\",\"urlTemplate\":\"https:\\\/\\\/dossies.agenciapatriciagalvao.org.br\\\/violencia-em-dados\\\/?s={search_term_string}\"},\"query-input\":{\"@type\":\"PropertyValueSpecification\",\"valueRequired\":true,\"valueName\":\"search_term_string\"}}],\"inLanguage\":\"pt-BR\"},{\"@type\":\"Person\",\"@id\":\"https:\\\/\\\/dossies.agenciapatriciagalvao.org.br\\\/violencia-em-dados\\\/#\\\/schema\\\/person\\\/4486652085e20ba3e59d8c8076130e59\",\"name\":\"flavia\",\"image\":{\"@type\":\"ImageObject\",\"inLanguage\":\"pt-BR\",\"@id\":\"https:\\\/\\\/secure.gravatar.com\\\/avatar\\\/fb2c188dd89605b7fb933ff4b7d0c767bdffff9620e042c8aba7d3a5b4c6bef1?s=96&d=mm&r=g\",\"url\":\"https:\\\/\\\/secure.gravatar.com\\\/avatar\\\/fb2c188dd89605b7fb933ff4b7d0c767bdffff9620e042c8aba7d3a5b4c6bef1?s=96&d=mm&r=g\",\"contentUrl\":\"https:\\\/\\\/secure.gravatar.com\\\/avatar\\\/fb2c188dd89605b7fb933ff4b7d0c767bdffff9620e042c8aba7d3a5b4c6bef1?s=96&d=mm&r=g\",\"caption\":\"flavia\"},\"url\":\"https:\\\/\\\/dossies.agenciapatriciagalvao.org.br\\\/violencia-em-dados\\\/author\\\/flavia\\\/\"}]}<\/script>\n<!-- \/ Yoast SEO plugin. -->","yoast_head_json":{"title":"46% das brasileiras afirmam que as mulheres n\u00e3o s\u00e3o tratadas com respeito no pa\u00eds - Viol\u00eancia contra a mulher em dados","robots":{"index":"index","follow":"follow","max-snippet":"max-snippet:-1","max-image-preview":"max-image-preview:large","max-video-preview":"max-video-preview:-1"},"canonical":"https:\/\/dossies.agenciapatriciagalvao.org.br\/violencia-em-dados\/46-das-brasileiras-afirmam-que-as-mulheres-nao-sao-tratadas-com-respeito-no-pais\/","og_locale":"pt_BR","og_type":"article","og_title":"46% das brasileiras afirmam que as mulheres n\u00e3o s\u00e3o tratadas com respeito no pa\u00eds - Viol\u00eancia contra a mulher em dados","og_description":"A 11\u00aa edi\u00e7\u00e3o da pesquisa nacional de opini\u00e3o sobre viol\u00eancia dom\u00e9stica e familiar contra a mulher, realizada pelo Instituto de Pesquisa DataSenado em parceria com o Observat\u00f3rio da Mulher contra a Viol\u00eancia (OMV), entrevistou 21.461 brasileiras de 16 anos ou mais, por telefone, entre 16 de maio e 8 de julho de 2025. H\u00e1 20 [&hellip;]","og_url":"https:\/\/dossies.agenciapatriciagalvao.org.br\/violencia-em-dados\/46-das-brasileiras-afirmam-que-as-mulheres-nao-sao-tratadas-com-respeito-no-pais\/","og_site_name":"Viol\u00eancia contra a mulher em dados","article_published_time":"2025-12-04T16:52:58+00:00","article_modified_time":"2026-02-12T18:52:21+00:00","og_image":[{"width":506,"height":530,"url":"https:\/\/assets-dossies-ipg-v2.nyc3.digitaloceanspaces.com\/sites\/5\/2025\/12\/infografico-VCM-pesquisa-DataSenado-2025.png","type":"image\/png"}],"author":"flavia","twitter_card":"summary_large_image","twitter_misc":{"Escrito por":"flavia","Est. tempo de leitura":"1 minuto"},"schema":{"@context":"https:\/\/schema.org","@graph":[{"@type":"Article","@id":"https:\/\/dossies.agenciapatriciagalvao.org.br\/violencia-em-dados\/46-das-brasileiras-afirmam-que-as-mulheres-nao-sao-tratadas-com-respeito-no-pais\/#article","isPartOf":{"@id":"https:\/\/dossies.agenciapatriciagalvao.org.br\/violencia-em-dados\/46-das-brasileiras-afirmam-que-as-mulheres-nao-sao-tratadas-com-respeito-no-pais\/"},"author":{"name":"flavia","@id":"https:\/\/dossies.agenciapatriciagalvao.org.br\/violencia-em-dados\/#\/schema\/person\/4486652085e20ba3e59d8c8076130e59"},"headline":"46% das brasileiras afirmam que as mulheres n\u00e3o s\u00e3o tratadas com respeito no pa\u00eds","datePublished":"2025-12-04T16:52:58+00:00","dateModified":"2026-02-12T18:52:21+00:00","mainEntityOfPage":{"@id":"https:\/\/dossies.agenciapatriciagalvao.org.br\/violencia-em-dados\/46-das-brasileiras-afirmam-que-as-mulheres-nao-sao-tratadas-com-respeito-no-pais\/"},"wordCount":160,"image":{"@id":"https:\/\/dossies.agenciapatriciagalvao.org.br\/violencia-em-dados\/46-das-brasileiras-afirmam-que-as-mulheres-nao-sao-tratadas-com-respeito-no-pais\/#primaryimage"},"thumbnailUrl":"https:\/\/assets-dossies-ipg-v2.nyc3.digitaloceanspaces.com\/sites\/5\/2025\/12\/infografico-VCM-pesquisa-DataSenado-2025.png","keywords":["agressao","desigualdade de genero","lei maria da penha","violencia contra as mulheres","violencia de genero","violencia domestica","violencia domestica e familiar","violencia familiar","violencia fisica","violencia moral","violencia patrimonial","violencia psicologica","violencia sexual"],"articleSection":["Cultura da viol\u00eancia e machismo","Viol\u00eancia dom\u00e9stica e familiar","Viol\u00eancia sexual"],"inLanguage":"pt-BR"},{"@type":"WebPage","@id":"https:\/\/dossies.agenciapatriciagalvao.org.br\/violencia-em-dados\/46-das-brasileiras-afirmam-que-as-mulheres-nao-sao-tratadas-com-respeito-no-pais\/","url":"https:\/\/dossies.agenciapatriciagalvao.org.br\/violencia-em-dados\/46-das-brasileiras-afirmam-que-as-mulheres-nao-sao-tratadas-com-respeito-no-pais\/","name":"46% das brasileiras afirmam que as mulheres n\u00e3o s\u00e3o tratadas com respeito no pa\u00eds - Viol\u00eancia contra a mulher em dados","isPartOf":{"@id":"https:\/\/dossies.agenciapatriciagalvao.org.br\/violencia-em-dados\/#website"},"primaryImageOfPage":{"@id":"https:\/\/dossies.agenciapatriciagalvao.org.br\/violencia-em-dados\/46-das-brasileiras-afirmam-que-as-mulheres-nao-sao-tratadas-com-respeito-no-pais\/#primaryimage"},"image":{"@id":"https:\/\/dossies.agenciapatriciagalvao.org.br\/violencia-em-dados\/46-das-brasileiras-afirmam-que-as-mulheres-nao-sao-tratadas-com-respeito-no-pais\/#primaryimage"},"thumbnailUrl":"https:\/\/assets-dossies-ipg-v2.nyc3.digitaloceanspaces.com\/sites\/5\/2025\/12\/infografico-VCM-pesquisa-DataSenado-2025.png","datePublished":"2025-12-04T16:52:58+00:00","dateModified":"2026-02-12T18:52:21+00:00","author":{"@id":"https:\/\/dossies.agenciapatriciagalvao.org.br\/violencia-em-dados\/#\/schema\/person\/4486652085e20ba3e59d8c8076130e59"},"breadcrumb":{"@id":"https:\/\/dossies.agenciapatriciagalvao.org.br\/violencia-em-dados\/46-das-brasileiras-afirmam-que-as-mulheres-nao-sao-tratadas-com-respeito-no-pais\/#breadcrumb"},"inLanguage":"pt-BR","potentialAction":[{"@type":"ReadAction","target":["https:\/\/dossies.agenciapatriciagalvao.org.br\/violencia-em-dados\/46-das-brasileiras-afirmam-que-as-mulheres-nao-sao-tratadas-com-respeito-no-pais\/"]}]},{"@type":"ImageObject","inLanguage":"pt-BR","@id":"https:\/\/dossies.agenciapatriciagalvao.org.br\/violencia-em-dados\/46-das-brasileiras-afirmam-que-as-mulheres-nao-sao-tratadas-com-respeito-no-pais\/#primaryimage","url":"https:\/\/assets-dossies-ipg-v2.nyc3.digitaloceanspaces.com\/sites\/5\/2025\/12\/infografico-VCM-pesquisa-DataSenado-2025.png","contentUrl":"https:\/\/assets-dossies-ipg-v2.nyc3.digitaloceanspaces.com\/sites\/5\/2025\/12\/infografico-VCM-pesquisa-DataSenado-2025.png","width":506,"height":530},{"@type":"BreadcrumbList","@id":"https:\/\/dossies.agenciapatriciagalvao.org.br\/violencia-em-dados\/46-das-brasileiras-afirmam-que-as-mulheres-nao-sao-tratadas-com-respeito-no-pais\/#breadcrumb","itemListElement":[{"@type":"ListItem","position":1,"name":"Home","item":"https:\/\/dossies.agenciapatriciagalvao.org.br\/violencia-em-dados\/"},{"@type":"ListItem","position":2,"name":"46% das brasileiras afirmam que as mulheres n\u00e3o s\u00e3o tratadas com respeito no pa\u00eds"}]},{"@type":"WebSite","@id":"https:\/\/dossies.agenciapatriciagalvao.org.br\/violencia-em-dados\/#website","url":"https:\/\/dossies.agenciapatriciagalvao.org.br\/violencia-em-dados\/","name":"Viol\u00eancia contra a mulher em dados","description":"&lt;strong&gt;Viol\u00eancia contra as Mulheres em Dados&lt;\/strong&gt; re\u00fane pesquisas e dados recentes relacionados \u00e0s viol\u00eancias contra as mulheres no Brasil, com base no monitoramento e curadoria realizados pelo Instituto Patr\u00edcia Galv\u00e3o \u2013 com foco na viol\u00eancia dom\u00e9stica, sexual e online, no feminic\u00eddio e na intersec\u00e7\u00e3o com o racismo e a LGBT+fobia.","potentialAction":[{"@type":"SearchAction","target":{"@type":"EntryPoint","urlTemplate":"https:\/\/dossies.agenciapatriciagalvao.org.br\/violencia-em-dados\/?s={search_term_string}"},"query-input":{"@type":"PropertyValueSpecification","valueRequired":true,"valueName":"search_term_string"}}],"inLanguage":"pt-BR"},{"@type":"Person","@id":"https:\/\/dossies.agenciapatriciagalvao.org.br\/violencia-em-dados\/#\/schema\/person\/4486652085e20ba3e59d8c8076130e59","name":"flavia","image":{"@type":"ImageObject","inLanguage":"pt-BR","@id":"https:\/\/secure.gravatar.com\/avatar\/fb2c188dd89605b7fb933ff4b7d0c767bdffff9620e042c8aba7d3a5b4c6bef1?s=96&d=mm&r=g","url":"https:\/\/secure.gravatar.com\/avatar\/fb2c188dd89605b7fb933ff4b7d0c767bdffff9620e042c8aba7d3a5b4c6bef1?s=96&d=mm&r=g","contentUrl":"https:\/\/secure.gravatar.com\/avatar\/fb2c188dd89605b7fb933ff4b7d0c767bdffff9620e042c8aba7d3a5b4c6bef1?s=96&d=mm&r=g","caption":"flavia"},"url":"https:\/\/dossies.agenciapatriciagalvao.org.br\/violencia-em-dados\/author\/flavia\/"}]}},"views":541,"_links":{"self":[{"href":"https:\/\/dossies.agenciapatriciagalvao.org.br\/violencia-em-dados\/wp-json\/wp\/v2\/posts\/2715","targetHints":{"allow":["GET"]}}],"collection":[{"href":"https:\/\/dossies.agenciapatriciagalvao.org.br\/violencia-em-dados\/wp-json\/wp\/v2\/posts"}],"about":[{"href":"https:\/\/dossies.agenciapatriciagalvao.org.br\/violencia-em-dados\/wp-json\/wp\/v2\/types\/post"}],"author":[{"embeddable":true,"href":"https:\/\/dossies.agenciapatriciagalvao.org.br\/violencia-em-dados\/wp-json\/wp\/v2\/users\/19"}],"replies":[{"embeddable":true,"href":"https:\/\/dossies.agenciapatriciagalvao.org.br\/violencia-em-dados\/wp-json\/wp\/v2\/comments?post=2715"}],"version-history":[{"count":1,"href":"https:\/\/dossies.agenciapatriciagalvao.org.br\/violencia-em-dados\/wp-json\/wp\/v2\/posts\/2715\/revisions"}],"predecessor-version":[{"id":2718,"href":"https:\/\/dossies.agenciapatriciagalvao.org.br\/violencia-em-dados\/wp-json\/wp\/v2\/posts\/2715\/revisions\/2718"}],"wp:featuredmedia":[{"embeddable":true,"href":"https:\/\/dossies.agenciapatriciagalvao.org.br\/violencia-em-dados\/wp-json\/wp\/v2\/media\/2717"}],"wp:attachment":[{"href":"https:\/\/dossies.agenciapatriciagalvao.org.br\/violencia-em-dados\/wp-json\/wp\/v2\/media?parent=2715"}],"wp:term":[{"taxonomy":"category","embeddable":true,"href":"https:\/\/dossies.agenciapatriciagalvao.org.br\/violencia-em-dados\/wp-json\/wp\/v2\/categories?post=2715"},{"taxonomy":"post_tag","embeddable":true,"href":"https:\/\/dossies.agenciapatriciagalvao.org.br\/violencia-em-dados\/wp-json\/wp\/v2\/tags?post=2715"}],"curies":[{"name":"wp","href":"https:\/\/api.w.org\/{rel}","templated":true}]}}