{"id":2700,"date":"2025-09-08T17:14:07","date_gmt":"2025-09-08T20:14:07","guid":{"rendered":"https:\/\/dossies.agenciapatriciagalvao.org.br\/violencia-em-dados\/?p=2700"},"modified":"2025-09-08T17:14:07","modified_gmt":"2025-09-08T20:14:07","slug":"quase-metade-das-brasileiras-possui-um-diagnostico-de-ansiedade-depressao-ou-algum-outro-transtorno-mental","status":"publish","type":"post","link":"https:\/\/dossies.agenciapatriciagalvao.org.br\/violencia-em-dados\/quase-metade-das-brasileiras-possui-um-diagnostico-de-ansiedade-depressao-ou-algum-outro-transtorno-mental\/","title":{"rendered":"Quase metade das brasileiras possui um diagn\u00f3stico de ansiedade, depress\u00e3o ou algum outro transtorno mental"},"content":{"rendered":"<p><span style=\"font-weight: 400;\">Lan\u00e7ada em outubro de 2023, a pesquisa \u201cEsgotadas: o empobrecimento, sobrecarga de cuidado e o sofrimento ps\u00edquico das mulheres\u201d, realizada pelo Think Olga, organiza\u00e7\u00e3o dedicada a sensibilizar a sociedade sobre quest\u00f5es de g\u00eanero e suas intersec\u00e7\u00f5es, revela que 7 em cada 10 pessoas diagnosticadas com depress\u00e3o e ansiedade no Brasil s\u00e3o mulheres. O estudo foi conduzido online por meio de um question\u00e1rio estruturado entre os dias 12 e 26 de maio de 2023 e apresenta margem de erro de 3 pontos percentuais, com intervalo de confian\u00e7a de 95%.<\/span><\/p>\n<div style=\"position: relative; width: 100%; height: 0px; padding: 446.77% 0px 0px; overflow: hidden; will-change: transform;\"><iframe style=\"position: absolute; width: 100%; height: 100%; top: 0px; left: 0px; border: none; padding: 0px; margin: 0px;\" title=\"Quase metade das brasileiras possui um diagn\u00f3stico de ansiedade, depress\u00e3o ou algum outro transtorno mental\" src=\"https:\/\/e.infogram.com\/89c50f25-d691-4d3e-a331-b03d88cf0200?src=embed&amp;embed_type=responsive_iframe\" allowfullscreen=\"allowfullscreen\"><\/iframe><\/div>\n","protected":false},"excerpt":{"rendered":"<p>Lan\u00e7ada em outubro de 2023, a pesquisa \u201cEsgotadas: o empobrecimento, sobrecarga de cuidado e o sofrimento ps\u00edquico das mulheres\u201d, realizada pelo Think Olga, organiza\u00e7\u00e3o dedicada a sensibilizar a sociedade sobre quest\u00f5es de g\u00eanero e suas intersec\u00e7\u00f5es, revela que 7 em cada 10 pessoas diagnosticadas com depress\u00e3o e ansiedade no Brasil s\u00e3o mulheres. O estudo foi [&hellip;]<\/p>\n","protected":false},"author":18,"featured_media":2701,"comment_status":"closed","ping_status":"closed","sticky":false,"template":"","format":"standard","meta":{"footnotes":""},"categories":[135],"tags":[304,305,73,306,307],"class_list":["post-2700","post","type-post","status-publish","format-standard","has-post-thumbnail","hentry","category-cultura-da-violencia-e-machismo","tag-ansiedade","tag-depressao","tag-mulheres-negras","tag-saude-mental-das-mulheres","tag-sobrecarga-feminina"],"yoast_head":"<!-- This site is optimized with the Yoast SEO plugin v27.4 - https:\/\/yoast.com\/product\/yoast-seo-wordpress\/ -->\n<title>Quase metade das brasileiras possui um diagn\u00f3stico de ansiedade, depress\u00e3o ou algum outro transtorno mental - Viol\u00eancia contra a mulher em dados<\/title>\n<meta name=\"robots\" content=\"index, follow, max-snippet:-1, max-image-preview:large, max-video-preview:-1\" \/>\n<link rel=\"canonical\" href=\"https:\/\/dossies.agenciapatriciagalvao.org.br\/violencia-em-dados\/quase-metade-das-brasileiras-possui-um-diagnostico-de-ansiedade-depressao-ou-algum-outro-transtorno-mental\/\" \/>\n<meta property=\"og:locale\" content=\"pt_BR\" \/>\n<meta property=\"og:type\" content=\"article\" \/>\n<meta property=\"og:title\" content=\"Quase metade das brasileiras possui um diagn\u00f3stico de ansiedade, depress\u00e3o ou algum outro transtorno mental - Viol\u00eancia contra a mulher em dados\" \/>\n<meta property=\"og:description\" content=\"Lan\u00e7ada em outubro de 2023, a pesquisa \u201cEsgotadas: o empobrecimento, sobrecarga de cuidado e o sofrimento ps\u00edquico das mulheres\u201d, realizada pelo Think Olga, organiza\u00e7\u00e3o dedicada a sensibilizar a sociedade sobre quest\u00f5es de g\u00eanero e suas intersec\u00e7\u00f5es, revela que 7 em cada 10 pessoas diagnosticadas com depress\u00e3o e ansiedade no Brasil s\u00e3o mulheres. O estudo foi [&hellip;]\" \/>\n<meta property=\"og:url\" content=\"https:\/\/dossies.agenciapatriciagalvao.org.br\/violencia-em-dados\/quase-metade-das-brasileiras-possui-um-diagnostico-de-ansiedade-depressao-ou-algum-outro-transtorno-mental\/\" \/>\n<meta property=\"og:site_name\" content=\"Viol\u00eancia contra a mulher em dados\" \/>\n<meta property=\"article:published_time\" content=\"2025-09-08T20:14:07+00:00\" \/>\n<meta property=\"og:image\" content=\"https:\/\/assets-dossies-ipg-v2.nyc3.digitaloceanspaces.com\/sites\/5\/2025\/09\/VCM-Quse-metade-das-brasileiras-possui-um-dignostico-de-ansiedade-depressao-ou-algum-outro-transtorno-mental.png\" \/>\n\t<meta property=\"og:image:width\" content=\"648\" \/>\n\t<meta property=\"og:image:height\" content=\"507\" \/>\n\t<meta property=\"og:image:type\" content=\"image\/png\" \/>\n<meta name=\"author\" content=\"juliacruz\" \/>\n<meta name=\"twitter:card\" content=\"summary_large_image\" \/>\n<meta name=\"twitter:label1\" content=\"Escrito por\" \/>\n\t<meta name=\"twitter:data1\" content=\"juliacruz\" \/>\n\t<meta name=\"twitter:label2\" content=\"Est. tempo de leitura\" \/>\n\t<meta name=\"twitter:data2\" content=\"1 minuto\" \/>\n<script type=\"application\/ld+json\" class=\"yoast-schema-graph\">{\"@context\":\"https:\\\/\\\/schema.org\",\"@graph\":[{\"@type\":\"Article\",\"@id\":\"https:\\\/\\\/dossies.agenciapatriciagalvao.org.br\\\/violencia-em-dados\\\/quase-metade-das-brasileiras-possui-um-diagnostico-de-ansiedade-depressao-ou-algum-outro-transtorno-mental\\\/#article\",\"isPartOf\":{\"@id\":\"https:\\\/\\\/dossies.agenciapatriciagalvao.org.br\\\/violencia-em-dados\\\/quase-metade-das-brasileiras-possui-um-diagnostico-de-ansiedade-depressao-ou-algum-outro-transtorno-mental\\\/\"},\"author\":{\"name\":\"juliacruz\",\"@id\":\"https:\\\/\\\/dossies.agenciapatriciagalvao.org.br\\\/violencia-em-dados\\\/#\\\/schema\\\/person\\\/72dbf330ed24be2b2270d3da0241f6aa\"},\"headline\":\"Quase metade das brasileiras possui um diagn\u00f3stico de ansiedade, depress\u00e3o ou algum outro transtorno mental\",\"datePublished\":\"2025-09-08T20:14:07+00:00\",\"mainEntityOfPage\":{\"@id\":\"https:\\\/\\\/dossies.agenciapatriciagalvao.org.br\\\/violencia-em-dados\\\/quase-metade-das-brasileiras-possui-um-diagnostico-de-ansiedade-depressao-ou-algum-outro-transtorno-mental\\\/\"},\"wordCount\":107,\"image\":{\"@id\":\"https:\\\/\\\/dossies.agenciapatriciagalvao.org.br\\\/violencia-em-dados\\\/quase-metade-das-brasileiras-possui-um-diagnostico-de-ansiedade-depressao-ou-algum-outro-transtorno-mental\\\/#primaryimage\"},\"thumbnailUrl\":\"https:\\\/\\\/assets-dossies-ipg-v2.nyc3.digitaloceanspaces.com\\\/sites\\\/5\\\/2025\\\/09\\\/VCM-Quse-metade-das-brasileiras-possui-um-dignostico-de-ansiedade-depressao-ou-algum-outro-transtorno-mental.png\",\"keywords\":[\"Ansiedade\",\"Depress\u00e3o\",\"mulheres negras\",\"Sa\u00fade mental das mulheres\",\"Sobrecarga feminina\"],\"articleSection\":[\"Cultura da viol\u00eancia e machismo\"],\"inLanguage\":\"pt-BR\"},{\"@type\":\"WebPage\",\"@id\":\"https:\\\/\\\/dossies.agenciapatriciagalvao.org.br\\\/violencia-em-dados\\\/quase-metade-das-brasileiras-possui-um-diagnostico-de-ansiedade-depressao-ou-algum-outro-transtorno-mental\\\/\",\"url\":\"https:\\\/\\\/dossies.agenciapatriciagalvao.org.br\\\/violencia-em-dados\\\/quase-metade-das-brasileiras-possui-um-diagnostico-de-ansiedade-depressao-ou-algum-outro-transtorno-mental\\\/\",\"name\":\"Quase metade das brasileiras possui um diagn\u00f3stico de ansiedade, depress\u00e3o ou algum outro transtorno mental - Viol\u00eancia contra a mulher em dados\",\"isPartOf\":{\"@id\":\"https:\\\/\\\/dossies.agenciapatriciagalvao.org.br\\\/violencia-em-dados\\\/#website\"},\"primaryImageOfPage\":{\"@id\":\"https:\\\/\\\/dossies.agenciapatriciagalvao.org.br\\\/violencia-em-dados\\\/quase-metade-das-brasileiras-possui-um-diagnostico-de-ansiedade-depressao-ou-algum-outro-transtorno-mental\\\/#primaryimage\"},\"image\":{\"@id\":\"https:\\\/\\\/dossies.agenciapatriciagalvao.org.br\\\/violencia-em-dados\\\/quase-metade-das-brasileiras-possui-um-diagnostico-de-ansiedade-depressao-ou-algum-outro-transtorno-mental\\\/#primaryimage\"},\"thumbnailUrl\":\"https:\\\/\\\/assets-dossies-ipg-v2.nyc3.digitaloceanspaces.com\\\/sites\\\/5\\\/2025\\\/09\\\/VCM-Quse-metade-das-brasileiras-possui-um-dignostico-de-ansiedade-depressao-ou-algum-outro-transtorno-mental.png\",\"datePublished\":\"2025-09-08T20:14:07+00:00\",\"author\":{\"@id\":\"https:\\\/\\\/dossies.agenciapatriciagalvao.org.br\\\/violencia-em-dados\\\/#\\\/schema\\\/person\\\/72dbf330ed24be2b2270d3da0241f6aa\"},\"breadcrumb\":{\"@id\":\"https:\\\/\\\/dossies.agenciapatriciagalvao.org.br\\\/violencia-em-dados\\\/quase-metade-das-brasileiras-possui-um-diagnostico-de-ansiedade-depressao-ou-algum-outro-transtorno-mental\\\/#breadcrumb\"},\"inLanguage\":\"pt-BR\",\"potentialAction\":[{\"@type\":\"ReadAction\",\"target\":[\"https:\\\/\\\/dossies.agenciapatriciagalvao.org.br\\\/violencia-em-dados\\\/quase-metade-das-brasileiras-possui-um-diagnostico-de-ansiedade-depressao-ou-algum-outro-transtorno-mental\\\/\"]}]},{\"@type\":\"ImageObject\",\"inLanguage\":\"pt-BR\",\"@id\":\"https:\\\/\\\/dossies.agenciapatriciagalvao.org.br\\\/violencia-em-dados\\\/quase-metade-das-brasileiras-possui-um-diagnostico-de-ansiedade-depressao-ou-algum-outro-transtorno-mental\\\/#primaryimage\",\"url\":\"https:\\\/\\\/assets-dossies-ipg-v2.nyc3.digitaloceanspaces.com\\\/sites\\\/5\\\/2025\\\/09\\\/VCM-Quse-metade-das-brasileiras-possui-um-dignostico-de-ansiedade-depressao-ou-algum-outro-transtorno-mental.png\",\"contentUrl\":\"https:\\\/\\\/assets-dossies-ipg-v2.nyc3.digitaloceanspaces.com\\\/sites\\\/5\\\/2025\\\/09\\\/VCM-Quse-metade-das-brasileiras-possui-um-dignostico-de-ansiedade-depressao-ou-algum-outro-transtorno-mental.png\",\"width\":648,\"height\":507},{\"@type\":\"BreadcrumbList\",\"@id\":\"https:\\\/\\\/dossies.agenciapatriciagalvao.org.br\\\/violencia-em-dados\\\/quase-metade-das-brasileiras-possui-um-diagnostico-de-ansiedade-depressao-ou-algum-outro-transtorno-mental\\\/#breadcrumb\",\"itemListElement\":[{\"@type\":\"ListItem\",\"position\":1,\"name\":\"Home\",\"item\":\"https:\\\/\\\/dossies.agenciapatriciagalvao.org.br\\\/violencia-em-dados\\\/\"},{\"@type\":\"ListItem\",\"position\":2,\"name\":\"Quase metade das brasileiras possui um diagn\u00f3stico de ansiedade, depress\u00e3o ou algum outro transtorno mental\"}]},{\"@type\":\"WebSite\",\"@id\":\"https:\\\/\\\/dossies.agenciapatriciagalvao.org.br\\\/violencia-em-dados\\\/#website\",\"url\":\"https:\\\/\\\/dossies.agenciapatriciagalvao.org.br\\\/violencia-em-dados\\\/\",\"name\":\"Viol\u00eancia contra a mulher em dados\",\"description\":\"&lt;strong&gt;Viol\u00eancia contra as Mulheres em Dados&lt;\\\/strong&gt; re\u00fane pesquisas e dados recentes relacionados \u00e0s viol\u00eancias contra as mulheres no Brasil, com base no monitoramento e curadoria realizados pelo Instituto Patr\u00edcia Galv\u00e3o \u2013 com foco na viol\u00eancia dom\u00e9stica, sexual e online, no feminic\u00eddio e na intersec\u00e7\u00e3o com o racismo e a LGBT+fobia.\",\"potentialAction\":[{\"@type\":\"SearchAction\",\"target\":{\"@type\":\"EntryPoint\",\"urlTemplate\":\"https:\\\/\\\/dossies.agenciapatriciagalvao.org.br\\\/violencia-em-dados\\\/?s={search_term_string}\"},\"query-input\":{\"@type\":\"PropertyValueSpecification\",\"valueRequired\":true,\"valueName\":\"search_term_string\"}}],\"inLanguage\":\"pt-BR\"},{\"@type\":\"Person\",\"@id\":\"https:\\\/\\\/dossies.agenciapatriciagalvao.org.br\\\/violencia-em-dados\\\/#\\\/schema\\\/person\\\/72dbf330ed24be2b2270d3da0241f6aa\",\"name\":\"juliacruz\",\"image\":{\"@type\":\"ImageObject\",\"inLanguage\":\"pt-BR\",\"@id\":\"https:\\\/\\\/secure.gravatar.com\\\/avatar\\\/00df412823e6d91264abbbcf624ccd251bfcb86175b0588b296a475ea3cb0169?s=96&d=mm&r=g\",\"url\":\"https:\\\/\\\/secure.gravatar.com\\\/avatar\\\/00df412823e6d91264abbbcf624ccd251bfcb86175b0588b296a475ea3cb0169?s=96&d=mm&r=g\",\"contentUrl\":\"https:\\\/\\\/secure.gravatar.com\\\/avatar\\\/00df412823e6d91264abbbcf624ccd251bfcb86175b0588b296a475ea3cb0169?s=96&d=mm&r=g\",\"caption\":\"juliacruz\"},\"url\":\"https:\\\/\\\/dossies.agenciapatriciagalvao.org.br\\\/violencia-em-dados\\\/author\\\/juliacruz\\\/\"}]}<\/script>\n<!-- \/ Yoast SEO plugin. -->","yoast_head_json":{"title":"Quase metade das brasileiras possui um diagn\u00f3stico de ansiedade, depress\u00e3o ou algum outro transtorno mental - Viol\u00eancia contra a mulher em dados","robots":{"index":"index","follow":"follow","max-snippet":"max-snippet:-1","max-image-preview":"max-image-preview:large","max-video-preview":"max-video-preview:-1"},"canonical":"https:\/\/dossies.agenciapatriciagalvao.org.br\/violencia-em-dados\/quase-metade-das-brasileiras-possui-um-diagnostico-de-ansiedade-depressao-ou-algum-outro-transtorno-mental\/","og_locale":"pt_BR","og_type":"article","og_title":"Quase metade das brasileiras possui um diagn\u00f3stico de ansiedade, depress\u00e3o ou algum outro transtorno mental - Viol\u00eancia contra a mulher em dados","og_description":"Lan\u00e7ada em outubro de 2023, a pesquisa \u201cEsgotadas: o empobrecimento, sobrecarga de cuidado e o sofrimento ps\u00edquico das mulheres\u201d, realizada pelo Think Olga, organiza\u00e7\u00e3o dedicada a sensibilizar a sociedade sobre quest\u00f5es de g\u00eanero e suas intersec\u00e7\u00f5es, revela que 7 em cada 10 pessoas diagnosticadas com depress\u00e3o e ansiedade no Brasil s\u00e3o mulheres. O estudo foi [&hellip;]","og_url":"https:\/\/dossies.agenciapatriciagalvao.org.br\/violencia-em-dados\/quase-metade-das-brasileiras-possui-um-diagnostico-de-ansiedade-depressao-ou-algum-outro-transtorno-mental\/","og_site_name":"Viol\u00eancia contra a mulher em dados","article_published_time":"2025-09-08T20:14:07+00:00","og_image":[{"width":648,"height":507,"url":"https:\/\/assets-dossies-ipg-v2.nyc3.digitaloceanspaces.com\/sites\/5\/2025\/09\/VCM-Quse-metade-das-brasileiras-possui-um-dignostico-de-ansiedade-depressao-ou-algum-outro-transtorno-mental.png","type":"image\/png"}],"author":"juliacruz","twitter_card":"summary_large_image","twitter_misc":{"Escrito por":"juliacruz","Est. tempo de leitura":"1 minuto"},"schema":{"@context":"https:\/\/schema.org","@graph":[{"@type":"Article","@id":"https:\/\/dossies.agenciapatriciagalvao.org.br\/violencia-em-dados\/quase-metade-das-brasileiras-possui-um-diagnostico-de-ansiedade-depressao-ou-algum-outro-transtorno-mental\/#article","isPartOf":{"@id":"https:\/\/dossies.agenciapatriciagalvao.org.br\/violencia-em-dados\/quase-metade-das-brasileiras-possui-um-diagnostico-de-ansiedade-depressao-ou-algum-outro-transtorno-mental\/"},"author":{"name":"juliacruz","@id":"https:\/\/dossies.agenciapatriciagalvao.org.br\/violencia-em-dados\/#\/schema\/person\/72dbf330ed24be2b2270d3da0241f6aa"},"headline":"Quase metade das brasileiras possui um diagn\u00f3stico de ansiedade, depress\u00e3o ou algum outro transtorno mental","datePublished":"2025-09-08T20:14:07+00:00","mainEntityOfPage":{"@id":"https:\/\/dossies.agenciapatriciagalvao.org.br\/violencia-em-dados\/quase-metade-das-brasileiras-possui-um-diagnostico-de-ansiedade-depressao-ou-algum-outro-transtorno-mental\/"},"wordCount":107,"image":{"@id":"https:\/\/dossies.agenciapatriciagalvao.org.br\/violencia-em-dados\/quase-metade-das-brasileiras-possui-um-diagnostico-de-ansiedade-depressao-ou-algum-outro-transtorno-mental\/#primaryimage"},"thumbnailUrl":"https:\/\/assets-dossies-ipg-v2.nyc3.digitaloceanspaces.com\/sites\/5\/2025\/09\/VCM-Quse-metade-das-brasileiras-possui-um-dignostico-de-ansiedade-depressao-ou-algum-outro-transtorno-mental.png","keywords":["Ansiedade","Depress\u00e3o","mulheres negras","Sa\u00fade mental das mulheres","Sobrecarga feminina"],"articleSection":["Cultura da viol\u00eancia e machismo"],"inLanguage":"pt-BR"},{"@type":"WebPage","@id":"https:\/\/dossies.agenciapatriciagalvao.org.br\/violencia-em-dados\/quase-metade-das-brasileiras-possui-um-diagnostico-de-ansiedade-depressao-ou-algum-outro-transtorno-mental\/","url":"https:\/\/dossies.agenciapatriciagalvao.org.br\/violencia-em-dados\/quase-metade-das-brasileiras-possui-um-diagnostico-de-ansiedade-depressao-ou-algum-outro-transtorno-mental\/","name":"Quase metade das brasileiras possui um diagn\u00f3stico de ansiedade, depress\u00e3o ou algum outro transtorno mental - Viol\u00eancia contra a mulher em dados","isPartOf":{"@id":"https:\/\/dossies.agenciapatriciagalvao.org.br\/violencia-em-dados\/#website"},"primaryImageOfPage":{"@id":"https:\/\/dossies.agenciapatriciagalvao.org.br\/violencia-em-dados\/quase-metade-das-brasileiras-possui-um-diagnostico-de-ansiedade-depressao-ou-algum-outro-transtorno-mental\/#primaryimage"},"image":{"@id":"https:\/\/dossies.agenciapatriciagalvao.org.br\/violencia-em-dados\/quase-metade-das-brasileiras-possui-um-diagnostico-de-ansiedade-depressao-ou-algum-outro-transtorno-mental\/#primaryimage"},"thumbnailUrl":"https:\/\/assets-dossies-ipg-v2.nyc3.digitaloceanspaces.com\/sites\/5\/2025\/09\/VCM-Quse-metade-das-brasileiras-possui-um-dignostico-de-ansiedade-depressao-ou-algum-outro-transtorno-mental.png","datePublished":"2025-09-08T20:14:07+00:00","author":{"@id":"https:\/\/dossies.agenciapatriciagalvao.org.br\/violencia-em-dados\/#\/schema\/person\/72dbf330ed24be2b2270d3da0241f6aa"},"breadcrumb":{"@id":"https:\/\/dossies.agenciapatriciagalvao.org.br\/violencia-em-dados\/quase-metade-das-brasileiras-possui-um-diagnostico-de-ansiedade-depressao-ou-algum-outro-transtorno-mental\/#breadcrumb"},"inLanguage":"pt-BR","potentialAction":[{"@type":"ReadAction","target":["https:\/\/dossies.agenciapatriciagalvao.org.br\/violencia-em-dados\/quase-metade-das-brasileiras-possui-um-diagnostico-de-ansiedade-depressao-ou-algum-outro-transtorno-mental\/"]}]},{"@type":"ImageObject","inLanguage":"pt-BR","@id":"https:\/\/dossies.agenciapatriciagalvao.org.br\/violencia-em-dados\/quase-metade-das-brasileiras-possui-um-diagnostico-de-ansiedade-depressao-ou-algum-outro-transtorno-mental\/#primaryimage","url":"https:\/\/assets-dossies-ipg-v2.nyc3.digitaloceanspaces.com\/sites\/5\/2025\/09\/VCM-Quse-metade-das-brasileiras-possui-um-dignostico-de-ansiedade-depressao-ou-algum-outro-transtorno-mental.png","contentUrl":"https:\/\/assets-dossies-ipg-v2.nyc3.digitaloceanspaces.com\/sites\/5\/2025\/09\/VCM-Quse-metade-das-brasileiras-possui-um-dignostico-de-ansiedade-depressao-ou-algum-outro-transtorno-mental.png","width":648,"height":507},{"@type":"BreadcrumbList","@id":"https:\/\/dossies.agenciapatriciagalvao.org.br\/violencia-em-dados\/quase-metade-das-brasileiras-possui-um-diagnostico-de-ansiedade-depressao-ou-algum-outro-transtorno-mental\/#breadcrumb","itemListElement":[{"@type":"ListItem","position":1,"name":"Home","item":"https:\/\/dossies.agenciapatriciagalvao.org.br\/violencia-em-dados\/"},{"@type":"ListItem","position":2,"name":"Quase metade das brasileiras possui um diagn\u00f3stico de ansiedade, depress\u00e3o ou algum outro transtorno mental"}]},{"@type":"WebSite","@id":"https:\/\/dossies.agenciapatriciagalvao.org.br\/violencia-em-dados\/#website","url":"https:\/\/dossies.agenciapatriciagalvao.org.br\/violencia-em-dados\/","name":"Viol\u00eancia contra a mulher em dados","description":"&lt;strong&gt;Viol\u00eancia contra as Mulheres em Dados&lt;\/strong&gt; re\u00fane pesquisas e dados recentes relacionados \u00e0s viol\u00eancias contra as mulheres no Brasil, com base no monitoramento e curadoria realizados pelo Instituto Patr\u00edcia Galv\u00e3o \u2013 com foco na viol\u00eancia dom\u00e9stica, sexual e online, no feminic\u00eddio e na intersec\u00e7\u00e3o com o racismo e a LGBT+fobia.","potentialAction":[{"@type":"SearchAction","target":{"@type":"EntryPoint","urlTemplate":"https:\/\/dossies.agenciapatriciagalvao.org.br\/violencia-em-dados\/?s={search_term_string}"},"query-input":{"@type":"PropertyValueSpecification","valueRequired":true,"valueName":"search_term_string"}}],"inLanguage":"pt-BR"},{"@type":"Person","@id":"https:\/\/dossies.agenciapatriciagalvao.org.br\/violencia-em-dados\/#\/schema\/person\/72dbf330ed24be2b2270d3da0241f6aa","name":"juliacruz","image":{"@type":"ImageObject","inLanguage":"pt-BR","@id":"https:\/\/secure.gravatar.com\/avatar\/00df412823e6d91264abbbcf624ccd251bfcb86175b0588b296a475ea3cb0169?s=96&d=mm&r=g","url":"https:\/\/secure.gravatar.com\/avatar\/00df412823e6d91264abbbcf624ccd251bfcb86175b0588b296a475ea3cb0169?s=96&d=mm&r=g","contentUrl":"https:\/\/secure.gravatar.com\/avatar\/00df412823e6d91264abbbcf624ccd251bfcb86175b0588b296a475ea3cb0169?s=96&d=mm&r=g","caption":"juliacruz"},"url":"https:\/\/dossies.agenciapatriciagalvao.org.br\/violencia-em-dados\/author\/juliacruz\/"}]}},"views":929,"_links":{"self":[{"href":"https:\/\/dossies.agenciapatriciagalvao.org.br\/violencia-em-dados\/wp-json\/wp\/v2\/posts\/2700","targetHints":{"allow":["GET"]}}],"collection":[{"href":"https:\/\/dossies.agenciapatriciagalvao.org.br\/violencia-em-dados\/wp-json\/wp\/v2\/posts"}],"about":[{"href":"https:\/\/dossies.agenciapatriciagalvao.org.br\/violencia-em-dados\/wp-json\/wp\/v2\/types\/post"}],"author":[{"embeddable":true,"href":"https:\/\/dossies.agenciapatriciagalvao.org.br\/violencia-em-dados\/wp-json\/wp\/v2\/users\/18"}],"replies":[{"embeddable":true,"href":"https:\/\/dossies.agenciapatriciagalvao.org.br\/violencia-em-dados\/wp-json\/wp\/v2\/comments?post=2700"}],"version-history":[{"count":1,"href":"https:\/\/dossies.agenciapatriciagalvao.org.br\/violencia-em-dados\/wp-json\/wp\/v2\/posts\/2700\/revisions"}],"predecessor-version":[{"id":2702,"href":"https:\/\/dossies.agenciapatriciagalvao.org.br\/violencia-em-dados\/wp-json\/wp\/v2\/posts\/2700\/revisions\/2702"}],"wp:featuredmedia":[{"embeddable":true,"href":"https:\/\/dossies.agenciapatriciagalvao.org.br\/violencia-em-dados\/wp-json\/wp\/v2\/media\/2701"}],"wp:attachment":[{"href":"https:\/\/dossies.agenciapatriciagalvao.org.br\/violencia-em-dados\/wp-json\/wp\/v2\/media?parent=2700"}],"wp:term":[{"taxonomy":"category","embeddable":true,"href":"https:\/\/dossies.agenciapatriciagalvao.org.br\/violencia-em-dados\/wp-json\/wp\/v2\/categories?post=2700"},{"taxonomy":"post_tag","embeddable":true,"href":"https:\/\/dossies.agenciapatriciagalvao.org.br\/violencia-em-dados\/wp-json\/wp\/v2\/tags?post=2700"}],"curies":[{"name":"wp","href":"https:\/\/api.w.org\/{rel}","templated":true}]}}