{"id":2684,"date":"2025-07-24T15:27:12","date_gmt":"2025-07-24T18:27:12","guid":{"rendered":"https:\/\/dossies.agenciapatriciagalvao.org.br\/violencia-em-dados\/?p=2684"},"modified":"2025-07-24T17:02:26","modified_gmt":"2025-07-24T20:02:26","slug":"87-545-casos-de-estupro-e-estupro-de-vulneravel-foram-registrados-em-2024","status":"publish","type":"post","link":"https:\/\/dossies.agenciapatriciagalvao.org.br\/violencia-em-dados\/87-545-casos-de-estupro-e-estupro-de-vulneravel-foram-registrados-em-2024\/","title":{"rendered":"87.545 casos de estupro e estupro de vulner\u00e1vel foram registrados em 2024"},"content":{"rendered":"<p><span data-teams=\"true\">O Anu\u00e1rio Brasileiro de Seguran\u00e7a P\u00fablica, divulgado todo ano em julho, re\u00fane e analisa dados oficiais sobre a seguran\u00e7a p\u00fablica no Brasil. Produzido pelo F\u00f3rum Brasileiro de Seguran\u00e7a P\u00fablica, o levantamento utiliza informa\u00e7\u00f5es de \u00f3rg\u00e3os policiais e apresenta dados sobre mortes violentas, estupros, feminic\u00eddios e outras formas de viol\u00eancia de g\u00eanero. Na 19\u00aa edi\u00e7\u00e3o, o estudo mostra que todos os tipos de viol\u00eancia contra as mulheres continuam em alta, com destaque para a viol\u00eancia sexual: foram registrados 87.545 casos de estupro e estupro de vulner\u00e1vel em 2024, o maior n\u00famero desde o in\u00edcio da s\u00e9rie hist\u00f3rica que iniciou em 2011<\/span><\/p>\n<div style=\"position: relative; width: 100%; height: 0px; padding: 333.47% 0px 0px; overflow: hidden; will-change: transform;\"><iframe style=\"position: absolute; width: 100%; height: 100%; top: 0px; left: 0px; border: none; padding: 0px; margin: 0px;\" title=\"87.545 casos de estupro e estupro de vulner\u00e1vel foram registrados em 2024\" src=\"https:\/\/e.infogram.com\/61607aaa-53ec-49f6-babb-5e2ea46f1cdb?src=embed&amp;embed_type=responsive_iframe\" allowfullscreen=\"allowfullscreen\"><\/iframe><\/div>\n","protected":false},"excerpt":{"rendered":"<p>O Anu\u00e1rio Brasileiro de Seguran\u00e7a P\u00fablica, divulgado todo ano em julho, re\u00fane e analisa dados oficiais sobre a seguran\u00e7a p\u00fablica no Brasil. Produzido pelo F\u00f3rum Brasileiro de Seguran\u00e7a P\u00fablica, o levantamento utiliza informa\u00e7\u00f5es de \u00f3rg\u00e3os policiais e apresenta dados sobre mortes violentas, estupros, feminic\u00eddios e outras formas de viol\u00eancia de g\u00eanero. Na 19\u00aa edi\u00e7\u00e3o, o [&hellip;]<\/p>\n","protected":false},"author":19,"featured_media":2685,"comment_status":"closed","ping_status":"closed","sticky":false,"template":"","format":"standard","meta":{"footnotes":""},"categories":[135,8],"tags":[37,18,182,46,28,22,19],"class_list":["post-2684","post","type-post","status-publish","format-standard","has-post-thumbnail","hentry","category-cultura-da-violencia-e-machismo","category-violencia-sexual","tag-anuario-de-seguranca-publica","tag-estupro","tag-estupro-de-vulneravel","tag-forum-brasileiro-de-seguranca-publica","tag-violencia-contra-as-mulheres","tag-violencia-de-genero","tag-violencia-sexual"],"yoast_head":"<!-- This site is optimized with the Yoast SEO plugin v27.4 - https:\/\/yoast.com\/product\/yoast-seo-wordpress\/ -->\n<title>87.545 casos de estupro e estupro de vulner\u00e1vel foram registrados em 2024 - Viol\u00eancia contra a mulher em dados<\/title>\n<meta name=\"robots\" content=\"index, follow, max-snippet:-1, max-image-preview:large, max-video-preview:-1\" \/>\n<link rel=\"canonical\" href=\"https:\/\/dossies.agenciapatriciagalvao.org.br\/violencia-em-dados\/87-545-casos-de-estupro-e-estupro-de-vulneravel-foram-registrados-em-2024\/\" \/>\n<meta property=\"og:locale\" content=\"pt_BR\" \/>\n<meta property=\"og:type\" content=\"article\" \/>\n<meta property=\"og:title\" content=\"87.545 casos de estupro e estupro de vulner\u00e1vel foram registrados em 2024 - Viol\u00eancia contra a mulher em dados\" \/>\n<meta property=\"og:description\" content=\"O Anu\u00e1rio Brasileiro de Seguran\u00e7a P\u00fablica, divulgado todo ano em julho, re\u00fane e analisa dados oficiais sobre a seguran\u00e7a p\u00fablica no Brasil. Produzido pelo F\u00f3rum Brasileiro de Seguran\u00e7a P\u00fablica, o levantamento utiliza informa\u00e7\u00f5es de \u00f3rg\u00e3os policiais e apresenta dados sobre mortes violentas, estupros, feminic\u00eddios e outras formas de viol\u00eancia de g\u00eanero. Na 19\u00aa edi\u00e7\u00e3o, o [&hellip;]\" \/>\n<meta property=\"og:url\" content=\"https:\/\/dossies.agenciapatriciagalvao.org.br\/violencia-em-dados\/87-545-casos-de-estupro-e-estupro-de-vulneravel-foram-registrados-em-2024\/\" \/>\n<meta property=\"og:site_name\" content=\"Viol\u00eancia contra a mulher em dados\" \/>\n<meta property=\"article:published_time\" content=\"2025-07-24T18:27:12+00:00\" \/>\n<meta property=\"article:modified_time\" content=\"2025-07-24T20:02:26+00:00\" \/>\n<meta property=\"og:image\" content=\"https:\/\/assets-dossies-ipg-v2.nyc3.digitaloceanspaces.com\/sites\/5\/2025\/07\/vcm-19-anurio-brasileiro-de-seguranca-publica-fbsp.png\" \/>\n\t<meta property=\"og:image:width\" content=\"468\" \/>\n\t<meta property=\"og:image:height\" content=\"543\" \/>\n\t<meta property=\"og:image:type\" content=\"image\/png\" \/>\n<meta name=\"author\" content=\"flavia\" \/>\n<meta name=\"twitter:card\" content=\"summary_large_image\" \/>\n<meta name=\"twitter:label1\" content=\"Escrito por\" \/>\n\t<meta name=\"twitter:data1\" content=\"flavia\" \/>\n\t<meta name=\"twitter:label2\" content=\"Est. tempo de leitura\" \/>\n\t<meta name=\"twitter:data2\" content=\"1 minuto\" \/>\n<script type=\"application\/ld+json\" class=\"yoast-schema-graph\">{\"@context\":\"https:\\\/\\\/schema.org\",\"@graph\":[{\"@type\":\"Article\",\"@id\":\"https:\\\/\\\/dossies.agenciapatriciagalvao.org.br\\\/violencia-em-dados\\\/87-545-casos-de-estupro-e-estupro-de-vulneravel-foram-registrados-em-2024\\\/#article\",\"isPartOf\":{\"@id\":\"https:\\\/\\\/dossies.agenciapatriciagalvao.org.br\\\/violencia-em-dados\\\/87-545-casos-de-estupro-e-estupro-de-vulneravel-foram-registrados-em-2024\\\/\"},\"author\":{\"name\":\"flavia\",\"@id\":\"https:\\\/\\\/dossies.agenciapatriciagalvao.org.br\\\/violencia-em-dados\\\/#\\\/schema\\\/person\\\/4486652085e20ba3e59d8c8076130e59\"},\"headline\":\"87.545 casos de estupro e estupro de vulner\u00e1vel foram registrados em 2024\",\"datePublished\":\"2025-07-24T18:27:12+00:00\",\"dateModified\":\"2025-07-24T20:02:26+00:00\",\"mainEntityOfPage\":{\"@id\":\"https:\\\/\\\/dossies.agenciapatriciagalvao.org.br\\\/violencia-em-dados\\\/87-545-casos-de-estupro-e-estupro-de-vulneravel-foram-registrados-em-2024\\\/\"},\"wordCount\":129,\"image\":{\"@id\":\"https:\\\/\\\/dossies.agenciapatriciagalvao.org.br\\\/violencia-em-dados\\\/87-545-casos-de-estupro-e-estupro-de-vulneravel-foram-registrados-em-2024\\\/#primaryimage\"},\"thumbnailUrl\":\"https:\\\/\\\/assets-dossies-ipg-v2.nyc3.digitaloceanspaces.com\\\/sites\\\/5\\\/2025\\\/07\\\/vcm-19-anurio-brasileiro-de-seguranca-publica-fbsp.png\",\"keywords\":[\"Anu\u00e1rio de Seguran\u00e7a P\u00fablica\",\"estupro\",\"estupro de vulner\u00e1vel\",\"forum brasileiro de seguranca publica\",\"violencia contra as mulheres\",\"violencia de genero\",\"violencia sexual\"],\"articleSection\":[\"Cultura da viol\u00eancia e machismo\",\"Viol\u00eancia sexual\"],\"inLanguage\":\"pt-BR\"},{\"@type\":\"WebPage\",\"@id\":\"https:\\\/\\\/dossies.agenciapatriciagalvao.org.br\\\/violencia-em-dados\\\/87-545-casos-de-estupro-e-estupro-de-vulneravel-foram-registrados-em-2024\\\/\",\"url\":\"https:\\\/\\\/dossies.agenciapatriciagalvao.org.br\\\/violencia-em-dados\\\/87-545-casos-de-estupro-e-estupro-de-vulneravel-foram-registrados-em-2024\\\/\",\"name\":\"87.545 casos de estupro e estupro de vulner\u00e1vel foram registrados em 2024 - Viol\u00eancia contra a mulher em dados\",\"isPartOf\":{\"@id\":\"https:\\\/\\\/dossies.agenciapatriciagalvao.org.br\\\/violencia-em-dados\\\/#website\"},\"primaryImageOfPage\":{\"@id\":\"https:\\\/\\\/dossies.agenciapatriciagalvao.org.br\\\/violencia-em-dados\\\/87-545-casos-de-estupro-e-estupro-de-vulneravel-foram-registrados-em-2024\\\/#primaryimage\"},\"image\":{\"@id\":\"https:\\\/\\\/dossies.agenciapatriciagalvao.org.br\\\/violencia-em-dados\\\/87-545-casos-de-estupro-e-estupro-de-vulneravel-foram-registrados-em-2024\\\/#primaryimage\"},\"thumbnailUrl\":\"https:\\\/\\\/assets-dossies-ipg-v2.nyc3.digitaloceanspaces.com\\\/sites\\\/5\\\/2025\\\/07\\\/vcm-19-anurio-brasileiro-de-seguranca-publica-fbsp.png\",\"datePublished\":\"2025-07-24T18:27:12+00:00\",\"dateModified\":\"2025-07-24T20:02:26+00:00\",\"author\":{\"@id\":\"https:\\\/\\\/dossies.agenciapatriciagalvao.org.br\\\/violencia-em-dados\\\/#\\\/schema\\\/person\\\/4486652085e20ba3e59d8c8076130e59\"},\"breadcrumb\":{\"@id\":\"https:\\\/\\\/dossies.agenciapatriciagalvao.org.br\\\/violencia-em-dados\\\/87-545-casos-de-estupro-e-estupro-de-vulneravel-foram-registrados-em-2024\\\/#breadcrumb\"},\"inLanguage\":\"pt-BR\",\"potentialAction\":[{\"@type\":\"ReadAction\",\"target\":[\"https:\\\/\\\/dossies.agenciapatriciagalvao.org.br\\\/violencia-em-dados\\\/87-545-casos-de-estupro-e-estupro-de-vulneravel-foram-registrados-em-2024\\\/\"]}]},{\"@type\":\"ImageObject\",\"inLanguage\":\"pt-BR\",\"@id\":\"https:\\\/\\\/dossies.agenciapatriciagalvao.org.br\\\/violencia-em-dados\\\/87-545-casos-de-estupro-e-estupro-de-vulneravel-foram-registrados-em-2024\\\/#primaryimage\",\"url\":\"https:\\\/\\\/assets-dossies-ipg-v2.nyc3.digitaloceanspaces.com\\\/sites\\\/5\\\/2025\\\/07\\\/vcm-19-anurio-brasileiro-de-seguranca-publica-fbsp.png\",\"contentUrl\":\"https:\\\/\\\/assets-dossies-ipg-v2.nyc3.digitaloceanspaces.com\\\/sites\\\/5\\\/2025\\\/07\\\/vcm-19-anurio-brasileiro-de-seguranca-publica-fbsp.png\",\"width\":468,\"height\":543},{\"@type\":\"BreadcrumbList\",\"@id\":\"https:\\\/\\\/dossies.agenciapatriciagalvao.org.br\\\/violencia-em-dados\\\/87-545-casos-de-estupro-e-estupro-de-vulneravel-foram-registrados-em-2024\\\/#breadcrumb\",\"itemListElement\":[{\"@type\":\"ListItem\",\"position\":1,\"name\":\"Home\",\"item\":\"https:\\\/\\\/dossies.agenciapatriciagalvao.org.br\\\/violencia-em-dados\\\/\"},{\"@type\":\"ListItem\",\"position\":2,\"name\":\"87.545 casos de estupro e estupro de vulner\u00e1vel foram registrados em 2024\"}]},{\"@type\":\"WebSite\",\"@id\":\"https:\\\/\\\/dossies.agenciapatriciagalvao.org.br\\\/violencia-em-dados\\\/#website\",\"url\":\"https:\\\/\\\/dossies.agenciapatriciagalvao.org.br\\\/violencia-em-dados\\\/\",\"name\":\"Viol\u00eancia contra a mulher em dados\",\"description\":\"&lt;strong&gt;Viol\u00eancia contra as Mulheres em Dados&lt;\\\/strong&gt; re\u00fane pesquisas e dados recentes relacionados \u00e0s viol\u00eancias contra as mulheres no Brasil, com base no monitoramento e curadoria realizados pelo Instituto Patr\u00edcia Galv\u00e3o \u2013 com foco na viol\u00eancia dom\u00e9stica, sexual e online, no feminic\u00eddio e na intersec\u00e7\u00e3o com o racismo e a LGBT+fobia.\",\"potentialAction\":[{\"@type\":\"SearchAction\",\"target\":{\"@type\":\"EntryPoint\",\"urlTemplate\":\"https:\\\/\\\/dossies.agenciapatriciagalvao.org.br\\\/violencia-em-dados\\\/?s={search_term_string}\"},\"query-input\":{\"@type\":\"PropertyValueSpecification\",\"valueRequired\":true,\"valueName\":\"search_term_string\"}}],\"inLanguage\":\"pt-BR\"},{\"@type\":\"Person\",\"@id\":\"https:\\\/\\\/dossies.agenciapatriciagalvao.org.br\\\/violencia-em-dados\\\/#\\\/schema\\\/person\\\/4486652085e20ba3e59d8c8076130e59\",\"name\":\"flavia\",\"image\":{\"@type\":\"ImageObject\",\"inLanguage\":\"pt-BR\",\"@id\":\"https:\\\/\\\/secure.gravatar.com\\\/avatar\\\/fb2c188dd89605b7fb933ff4b7d0c767bdffff9620e042c8aba7d3a5b4c6bef1?s=96&d=mm&r=g\",\"url\":\"https:\\\/\\\/secure.gravatar.com\\\/avatar\\\/fb2c188dd89605b7fb933ff4b7d0c767bdffff9620e042c8aba7d3a5b4c6bef1?s=96&d=mm&r=g\",\"contentUrl\":\"https:\\\/\\\/secure.gravatar.com\\\/avatar\\\/fb2c188dd89605b7fb933ff4b7d0c767bdffff9620e042c8aba7d3a5b4c6bef1?s=96&d=mm&r=g\",\"caption\":\"flavia\"},\"url\":\"https:\\\/\\\/dossies.agenciapatriciagalvao.org.br\\\/violencia-em-dados\\\/author\\\/flavia\\\/\"}]}<\/script>\n<!-- \/ Yoast SEO plugin. -->","yoast_head_json":{"title":"87.545 casos de estupro e estupro de vulner\u00e1vel foram registrados em 2024 - Viol\u00eancia contra a mulher em dados","robots":{"index":"index","follow":"follow","max-snippet":"max-snippet:-1","max-image-preview":"max-image-preview:large","max-video-preview":"max-video-preview:-1"},"canonical":"https:\/\/dossies.agenciapatriciagalvao.org.br\/violencia-em-dados\/87-545-casos-de-estupro-e-estupro-de-vulneravel-foram-registrados-em-2024\/","og_locale":"pt_BR","og_type":"article","og_title":"87.545 casos de estupro e estupro de vulner\u00e1vel foram registrados em 2024 - Viol\u00eancia contra a mulher em dados","og_description":"O Anu\u00e1rio Brasileiro de Seguran\u00e7a P\u00fablica, divulgado todo ano em julho, re\u00fane e analisa dados oficiais sobre a seguran\u00e7a p\u00fablica no Brasil. Produzido pelo F\u00f3rum Brasileiro de Seguran\u00e7a P\u00fablica, o levantamento utiliza informa\u00e7\u00f5es de \u00f3rg\u00e3os policiais e apresenta dados sobre mortes violentas, estupros, feminic\u00eddios e outras formas de viol\u00eancia de g\u00eanero. Na 19\u00aa edi\u00e7\u00e3o, o [&hellip;]","og_url":"https:\/\/dossies.agenciapatriciagalvao.org.br\/violencia-em-dados\/87-545-casos-de-estupro-e-estupro-de-vulneravel-foram-registrados-em-2024\/","og_site_name":"Viol\u00eancia contra a mulher em dados","article_published_time":"2025-07-24T18:27:12+00:00","article_modified_time":"2025-07-24T20:02:26+00:00","og_image":[{"width":468,"height":543,"url":"https:\/\/assets-dossies-ipg-v2.nyc3.digitaloceanspaces.com\/sites\/5\/2025\/07\/vcm-19-anurio-brasileiro-de-seguranca-publica-fbsp.png","type":"image\/png"}],"author":"flavia","twitter_card":"summary_large_image","twitter_misc":{"Escrito por":"flavia","Est. tempo de leitura":"1 minuto"},"schema":{"@context":"https:\/\/schema.org","@graph":[{"@type":"Article","@id":"https:\/\/dossies.agenciapatriciagalvao.org.br\/violencia-em-dados\/87-545-casos-de-estupro-e-estupro-de-vulneravel-foram-registrados-em-2024\/#article","isPartOf":{"@id":"https:\/\/dossies.agenciapatriciagalvao.org.br\/violencia-em-dados\/87-545-casos-de-estupro-e-estupro-de-vulneravel-foram-registrados-em-2024\/"},"author":{"name":"flavia","@id":"https:\/\/dossies.agenciapatriciagalvao.org.br\/violencia-em-dados\/#\/schema\/person\/4486652085e20ba3e59d8c8076130e59"},"headline":"87.545 casos de estupro e estupro de vulner\u00e1vel foram registrados em 2024","datePublished":"2025-07-24T18:27:12+00:00","dateModified":"2025-07-24T20:02:26+00:00","mainEntityOfPage":{"@id":"https:\/\/dossies.agenciapatriciagalvao.org.br\/violencia-em-dados\/87-545-casos-de-estupro-e-estupro-de-vulneravel-foram-registrados-em-2024\/"},"wordCount":129,"image":{"@id":"https:\/\/dossies.agenciapatriciagalvao.org.br\/violencia-em-dados\/87-545-casos-de-estupro-e-estupro-de-vulneravel-foram-registrados-em-2024\/#primaryimage"},"thumbnailUrl":"https:\/\/assets-dossies-ipg-v2.nyc3.digitaloceanspaces.com\/sites\/5\/2025\/07\/vcm-19-anurio-brasileiro-de-seguranca-publica-fbsp.png","keywords":["Anu\u00e1rio de Seguran\u00e7a P\u00fablica","estupro","estupro de vulner\u00e1vel","forum brasileiro de seguranca publica","violencia contra as mulheres","violencia de genero","violencia sexual"],"articleSection":["Cultura da viol\u00eancia e machismo","Viol\u00eancia sexual"],"inLanguage":"pt-BR"},{"@type":"WebPage","@id":"https:\/\/dossies.agenciapatriciagalvao.org.br\/violencia-em-dados\/87-545-casos-de-estupro-e-estupro-de-vulneravel-foram-registrados-em-2024\/","url":"https:\/\/dossies.agenciapatriciagalvao.org.br\/violencia-em-dados\/87-545-casos-de-estupro-e-estupro-de-vulneravel-foram-registrados-em-2024\/","name":"87.545 casos de estupro e estupro de vulner\u00e1vel foram registrados em 2024 - Viol\u00eancia contra a mulher em dados","isPartOf":{"@id":"https:\/\/dossies.agenciapatriciagalvao.org.br\/violencia-em-dados\/#website"},"primaryImageOfPage":{"@id":"https:\/\/dossies.agenciapatriciagalvao.org.br\/violencia-em-dados\/87-545-casos-de-estupro-e-estupro-de-vulneravel-foram-registrados-em-2024\/#primaryimage"},"image":{"@id":"https:\/\/dossies.agenciapatriciagalvao.org.br\/violencia-em-dados\/87-545-casos-de-estupro-e-estupro-de-vulneravel-foram-registrados-em-2024\/#primaryimage"},"thumbnailUrl":"https:\/\/assets-dossies-ipg-v2.nyc3.digitaloceanspaces.com\/sites\/5\/2025\/07\/vcm-19-anurio-brasileiro-de-seguranca-publica-fbsp.png","datePublished":"2025-07-24T18:27:12+00:00","dateModified":"2025-07-24T20:02:26+00:00","author":{"@id":"https:\/\/dossies.agenciapatriciagalvao.org.br\/violencia-em-dados\/#\/schema\/person\/4486652085e20ba3e59d8c8076130e59"},"breadcrumb":{"@id":"https:\/\/dossies.agenciapatriciagalvao.org.br\/violencia-em-dados\/87-545-casos-de-estupro-e-estupro-de-vulneravel-foram-registrados-em-2024\/#breadcrumb"},"inLanguage":"pt-BR","potentialAction":[{"@type":"ReadAction","target":["https:\/\/dossies.agenciapatriciagalvao.org.br\/violencia-em-dados\/87-545-casos-de-estupro-e-estupro-de-vulneravel-foram-registrados-em-2024\/"]}]},{"@type":"ImageObject","inLanguage":"pt-BR","@id":"https:\/\/dossies.agenciapatriciagalvao.org.br\/violencia-em-dados\/87-545-casos-de-estupro-e-estupro-de-vulneravel-foram-registrados-em-2024\/#primaryimage","url":"https:\/\/assets-dossies-ipg-v2.nyc3.digitaloceanspaces.com\/sites\/5\/2025\/07\/vcm-19-anurio-brasileiro-de-seguranca-publica-fbsp.png","contentUrl":"https:\/\/assets-dossies-ipg-v2.nyc3.digitaloceanspaces.com\/sites\/5\/2025\/07\/vcm-19-anurio-brasileiro-de-seguranca-publica-fbsp.png","width":468,"height":543},{"@type":"BreadcrumbList","@id":"https:\/\/dossies.agenciapatriciagalvao.org.br\/violencia-em-dados\/87-545-casos-de-estupro-e-estupro-de-vulneravel-foram-registrados-em-2024\/#breadcrumb","itemListElement":[{"@type":"ListItem","position":1,"name":"Home","item":"https:\/\/dossies.agenciapatriciagalvao.org.br\/violencia-em-dados\/"},{"@type":"ListItem","position":2,"name":"87.545 casos de estupro e estupro de vulner\u00e1vel foram registrados em 2024"}]},{"@type":"WebSite","@id":"https:\/\/dossies.agenciapatriciagalvao.org.br\/violencia-em-dados\/#website","url":"https:\/\/dossies.agenciapatriciagalvao.org.br\/violencia-em-dados\/","name":"Viol\u00eancia contra a mulher em dados","description":"&lt;strong&gt;Viol\u00eancia contra as Mulheres em Dados&lt;\/strong&gt; re\u00fane pesquisas e dados recentes relacionados \u00e0s viol\u00eancias contra as mulheres no Brasil, com base no monitoramento e curadoria realizados pelo Instituto Patr\u00edcia Galv\u00e3o \u2013 com foco na viol\u00eancia dom\u00e9stica, sexual e online, no feminic\u00eddio e na intersec\u00e7\u00e3o com o racismo e a LGBT+fobia.","potentialAction":[{"@type":"SearchAction","target":{"@type":"EntryPoint","urlTemplate":"https:\/\/dossies.agenciapatriciagalvao.org.br\/violencia-em-dados\/?s={search_term_string}"},"query-input":{"@type":"PropertyValueSpecification","valueRequired":true,"valueName":"search_term_string"}}],"inLanguage":"pt-BR"},{"@type":"Person","@id":"https:\/\/dossies.agenciapatriciagalvao.org.br\/violencia-em-dados\/#\/schema\/person\/4486652085e20ba3e59d8c8076130e59","name":"flavia","image":{"@type":"ImageObject","inLanguage":"pt-BR","@id":"https:\/\/secure.gravatar.com\/avatar\/fb2c188dd89605b7fb933ff4b7d0c767bdffff9620e042c8aba7d3a5b4c6bef1?s=96&d=mm&r=g","url":"https:\/\/secure.gravatar.com\/avatar\/fb2c188dd89605b7fb933ff4b7d0c767bdffff9620e042c8aba7d3a5b4c6bef1?s=96&d=mm&r=g","contentUrl":"https:\/\/secure.gravatar.com\/avatar\/fb2c188dd89605b7fb933ff4b7d0c767bdffff9620e042c8aba7d3a5b4c6bef1?s=96&d=mm&r=g","caption":"flavia"},"url":"https:\/\/dossies.agenciapatriciagalvao.org.br\/violencia-em-dados\/author\/flavia\/"}]}},"views":1403,"_links":{"self":[{"href":"https:\/\/dossies.agenciapatriciagalvao.org.br\/violencia-em-dados\/wp-json\/wp\/v2\/posts\/2684","targetHints":{"allow":["GET"]}}],"collection":[{"href":"https:\/\/dossies.agenciapatriciagalvao.org.br\/violencia-em-dados\/wp-json\/wp\/v2\/posts"}],"about":[{"href":"https:\/\/dossies.agenciapatriciagalvao.org.br\/violencia-em-dados\/wp-json\/wp\/v2\/types\/post"}],"author":[{"embeddable":true,"href":"https:\/\/dossies.agenciapatriciagalvao.org.br\/violencia-em-dados\/wp-json\/wp\/v2\/users\/19"}],"replies":[{"embeddable":true,"href":"https:\/\/dossies.agenciapatriciagalvao.org.br\/violencia-em-dados\/wp-json\/wp\/v2\/comments?post=2684"}],"version-history":[{"count":3,"href":"https:\/\/dossies.agenciapatriciagalvao.org.br\/violencia-em-dados\/wp-json\/wp\/v2\/posts\/2684\/revisions"}],"predecessor-version":[{"id":2688,"href":"https:\/\/dossies.agenciapatriciagalvao.org.br\/violencia-em-dados\/wp-json\/wp\/v2\/posts\/2684\/revisions\/2688"}],"wp:featuredmedia":[{"embeddable":true,"href":"https:\/\/dossies.agenciapatriciagalvao.org.br\/violencia-em-dados\/wp-json\/wp\/v2\/media\/2685"}],"wp:attachment":[{"href":"https:\/\/dossies.agenciapatriciagalvao.org.br\/violencia-em-dados\/wp-json\/wp\/v2\/media?parent=2684"}],"wp:term":[{"taxonomy":"category","embeddable":true,"href":"https:\/\/dossies.agenciapatriciagalvao.org.br\/violencia-em-dados\/wp-json\/wp\/v2\/categories?post=2684"},{"taxonomy":"post_tag","embeddable":true,"href":"https:\/\/dossies.agenciapatriciagalvao.org.br\/violencia-em-dados\/wp-json\/wp\/v2\/tags?post=2684"}],"curies":[{"name":"wp","href":"https:\/\/api.w.org\/{rel}","templated":true}]}}