{"id":2671,"date":"2025-06-04T15:10:19","date_gmt":"2025-06-04T18:10:19","guid":{"rendered":"https:\/\/dossies.agenciapatriciagalvao.org.br\/violencia-em-dados\/?p=2671"},"modified":"2025-06-04T15:10:19","modified_gmt":"2025-06-04T18:10:19","slug":"mais-de-232-mil-meninas-de-ate-14-anos-foram-maes-entre-2013-e-2023-no-brasil","status":"publish","type":"post","link":"https:\/\/dossies.agenciapatriciagalvao.org.br\/violencia-em-dados\/mais-de-232-mil-meninas-de-ate-14-anos-foram-maes-entre-2013-e-2023-no-brasil\/","title":{"rendered":"Mais de 232 mil meninas de at\u00e9 14 anos foram m\u00e3es entre 2013 e 2023 no Brasil"},"content":{"rendered":"<p>O RASEAM 2025 (Relat\u00f3rio Anual Socioecon\u00f4mico da Mulher) \u00e9 uma publica\u00e7\u00e3o do Minist\u00e9rio das Mulheres que apresenta um panorama detalhado da situa\u00e7\u00e3o das brasileiras. Elaborado pelo Observat\u00f3rio Brasil da Igualdade de G\u00eanero, o relat\u00f3rio re\u00fane 328 indicadores de diversas fontes oficiais, como IBGE, Inep e minist\u00e9rios, abordando aspectos como demografia, trabalho, educa\u00e7\u00e3o, sa\u00fade, viol\u00eancia, participa\u00e7\u00e3o pol\u00edtica e esportes.<\/p>\n<div style=\"position: relative; width: 100%; height: 0px; padding: 295.79% 0px 0px; overflow: hidden; will-change: transform;\"><iframe style=\"position: absolute; width: 100%; height: 100%; top: 0px; left: 0px; border: none; padding: 0px; margin: 0px;\" title=\"Em 10 anos, mais de 232 mil meninas de at\u00e9 14 anos tiveram filhos no Brasil\" src=\"https:\/\/e.infogram.com\/0ebb39ea-b565-45b7-ac63-e5b5ba76682a?src=embed&amp;embed_type=responsive_iframe\" allowfullscreen=\"allowfullscreen\"><\/iframe><\/div>\n","protected":false},"excerpt":{"rendered":"<p>O RASEAM 2025 (Relat\u00f3rio Anual Socioecon\u00f4mico da Mulher) \u00e9 uma publica\u00e7\u00e3o do Minist\u00e9rio das Mulheres que apresenta um panorama detalhado da situa\u00e7\u00e3o das brasileiras. Elaborado pelo Observat\u00f3rio Brasil da Igualdade de G\u00eanero, o relat\u00f3rio re\u00fane 328 indicadores de diversas fontes oficiais, como IBGE, Inep e minist\u00e9rios, abordando aspectos como demografia, trabalho, educa\u00e7\u00e3o, sa\u00fade, viol\u00eancia, participa\u00e7\u00e3o [&hellip;]<\/p>\n","protected":false},"author":19,"featured_media":2673,"comment_status":"closed","ping_status":"closed","sticky":false,"template":"","format":"standard","meta":{"footnotes":""},"categories":[176],"tags":[297,201,185,295,294,296],"class_list":["post-2671","post","type-post","status-publish","format-standard","has-post-thumbnail","hentry","category-direitos-sexuais-e-reprodutivos","tag-direito-ao-aborto-legal","tag-direitos-reprodutivos","tag-direitos-sexuais-e-reprodutivos","tag-gravidez-na-adolescencia","tag-maternidade-precoce","tag-meninas-maes"],"yoast_head":"<!-- This site is optimized with the Yoast SEO plugin v27.4 - https:\/\/yoast.com\/product\/yoast-seo-wordpress\/ -->\n<title>Mais de 232 mil meninas de at\u00e9 14 anos foram m\u00e3es entre 2013 e 2023 no Brasil - Viol\u00eancia contra a mulher em dados<\/title>\n<meta name=\"robots\" content=\"index, follow, max-snippet:-1, max-image-preview:large, max-video-preview:-1\" \/>\n<link rel=\"canonical\" href=\"https:\/\/dossies.agenciapatriciagalvao.org.br\/violencia-em-dados\/mais-de-232-mil-meninas-de-ate-14-anos-foram-maes-entre-2013-e-2023-no-brasil\/\" \/>\n<meta property=\"og:locale\" content=\"pt_BR\" \/>\n<meta property=\"og:type\" content=\"article\" \/>\n<meta property=\"og:title\" content=\"Mais de 232 mil meninas de at\u00e9 14 anos foram m\u00e3es entre 2013 e 2023 no Brasil - Viol\u00eancia contra a mulher em dados\" \/>\n<meta property=\"og:description\" content=\"O RASEAM 2025 (Relat\u00f3rio Anual Socioecon\u00f4mico da Mulher) \u00e9 uma publica\u00e7\u00e3o do Minist\u00e9rio das Mulheres que apresenta um panorama detalhado da situa\u00e7\u00e3o das brasileiras. Elaborado pelo Observat\u00f3rio Brasil da Igualdade de G\u00eanero, o relat\u00f3rio re\u00fane 328 indicadores de diversas fontes oficiais, como IBGE, Inep e minist\u00e9rios, abordando aspectos como demografia, trabalho, educa\u00e7\u00e3o, sa\u00fade, viol\u00eancia, participa\u00e7\u00e3o [&hellip;]\" \/>\n<meta property=\"og:url\" content=\"https:\/\/dossies.agenciapatriciagalvao.org.br\/violencia-em-dados\/mais-de-232-mil-meninas-de-ate-14-anos-foram-maes-entre-2013-e-2023-no-brasil\/\" \/>\n<meta property=\"og:site_name\" content=\"Viol\u00eancia contra a mulher em dados\" \/>\n<meta property=\"article:published_time\" content=\"2025-06-04T18:10:19+00:00\" \/>\n<meta property=\"og:image\" content=\"https:\/\/assets-dossies-ipg-v2.nyc3.digitaloceanspaces.com\/sites\/5\/2025\/06\/vcm-infografico-3-rasem-2025.png\" \/>\n\t<meta property=\"og:image:width\" content=\"504\" \/>\n\t<meta property=\"og:image:height\" content=\"490\" \/>\n\t<meta property=\"og:image:type\" content=\"image\/png\" \/>\n<meta name=\"author\" content=\"flavia\" \/>\n<meta name=\"twitter:card\" content=\"summary_large_image\" \/>\n<meta name=\"twitter:label1\" content=\"Escrito por\" \/>\n\t<meta name=\"twitter:data1\" content=\"flavia\" \/>\n\t<meta name=\"twitter:label2\" content=\"Est. tempo de leitura\" \/>\n\t<meta name=\"twitter:data2\" content=\"1 minuto\" \/>\n<script type=\"application\/ld+json\" class=\"yoast-schema-graph\">{\"@context\":\"https:\\\/\\\/schema.org\",\"@graph\":[{\"@type\":\"Article\",\"@id\":\"https:\\\/\\\/dossies.agenciapatriciagalvao.org.br\\\/violencia-em-dados\\\/mais-de-232-mil-meninas-de-ate-14-anos-foram-maes-entre-2013-e-2023-no-brasil\\\/#article\",\"isPartOf\":{\"@id\":\"https:\\\/\\\/dossies.agenciapatriciagalvao.org.br\\\/violencia-em-dados\\\/mais-de-232-mil-meninas-de-ate-14-anos-foram-maes-entre-2013-e-2023-no-brasil\\\/\"},\"author\":{\"name\":\"flavia\",\"@id\":\"https:\\\/\\\/dossies.agenciapatriciagalvao.org.br\\\/violencia-em-dados\\\/#\\\/schema\\\/person\\\/4486652085e20ba3e59d8c8076130e59\"},\"headline\":\"Mais de 232 mil meninas de at\u00e9 14 anos foram m\u00e3es entre 2013 e 2023 no Brasil\",\"datePublished\":\"2025-06-04T18:10:19+00:00\",\"mainEntityOfPage\":{\"@id\":\"https:\\\/\\\/dossies.agenciapatriciagalvao.org.br\\\/violencia-em-dados\\\/mais-de-232-mil-meninas-de-ate-14-anos-foram-maes-entre-2013-e-2023-no-brasil\\\/\"},\"wordCount\":84,\"image\":{\"@id\":\"https:\\\/\\\/dossies.agenciapatriciagalvao.org.br\\\/violencia-em-dados\\\/mais-de-232-mil-meninas-de-ate-14-anos-foram-maes-entre-2013-e-2023-no-brasil\\\/#primaryimage\"},\"thumbnailUrl\":\"https:\\\/\\\/assets-dossies-ipg-v2.nyc3.digitaloceanspaces.com\\\/sites\\\/5\\\/2025\\\/06\\\/vcm-infografico-3-rasem-2025.png\",\"keywords\":[\"direito ao aborto legal\",\"direitos reprodutivos\",\"direitos sexuais e reprodutivos\",\"gravidez na adolesc\u00eancia\",\"maternidade precoce\",\"meninas m\u00e3es\"],\"articleSection\":[\"Direitos sexuais e reprodutivos\"],\"inLanguage\":\"pt-BR\"},{\"@type\":\"WebPage\",\"@id\":\"https:\\\/\\\/dossies.agenciapatriciagalvao.org.br\\\/violencia-em-dados\\\/mais-de-232-mil-meninas-de-ate-14-anos-foram-maes-entre-2013-e-2023-no-brasil\\\/\",\"url\":\"https:\\\/\\\/dossies.agenciapatriciagalvao.org.br\\\/violencia-em-dados\\\/mais-de-232-mil-meninas-de-ate-14-anos-foram-maes-entre-2013-e-2023-no-brasil\\\/\",\"name\":\"Mais de 232 mil meninas de at\u00e9 14 anos foram m\u00e3es entre 2013 e 2023 no Brasil - Viol\u00eancia contra a mulher em dados\",\"isPartOf\":{\"@id\":\"https:\\\/\\\/dossies.agenciapatriciagalvao.org.br\\\/violencia-em-dados\\\/#website\"},\"primaryImageOfPage\":{\"@id\":\"https:\\\/\\\/dossies.agenciapatriciagalvao.org.br\\\/violencia-em-dados\\\/mais-de-232-mil-meninas-de-ate-14-anos-foram-maes-entre-2013-e-2023-no-brasil\\\/#primaryimage\"},\"image\":{\"@id\":\"https:\\\/\\\/dossies.agenciapatriciagalvao.org.br\\\/violencia-em-dados\\\/mais-de-232-mil-meninas-de-ate-14-anos-foram-maes-entre-2013-e-2023-no-brasil\\\/#primaryimage\"},\"thumbnailUrl\":\"https:\\\/\\\/assets-dossies-ipg-v2.nyc3.digitaloceanspaces.com\\\/sites\\\/5\\\/2025\\\/06\\\/vcm-infografico-3-rasem-2025.png\",\"datePublished\":\"2025-06-04T18:10:19+00:00\",\"author\":{\"@id\":\"https:\\\/\\\/dossies.agenciapatriciagalvao.org.br\\\/violencia-em-dados\\\/#\\\/schema\\\/person\\\/4486652085e20ba3e59d8c8076130e59\"},\"breadcrumb\":{\"@id\":\"https:\\\/\\\/dossies.agenciapatriciagalvao.org.br\\\/violencia-em-dados\\\/mais-de-232-mil-meninas-de-ate-14-anos-foram-maes-entre-2013-e-2023-no-brasil\\\/#breadcrumb\"},\"inLanguage\":\"pt-BR\",\"potentialAction\":[{\"@type\":\"ReadAction\",\"target\":[\"https:\\\/\\\/dossies.agenciapatriciagalvao.org.br\\\/violencia-em-dados\\\/mais-de-232-mil-meninas-de-ate-14-anos-foram-maes-entre-2013-e-2023-no-brasil\\\/\"]}]},{\"@type\":\"ImageObject\",\"inLanguage\":\"pt-BR\",\"@id\":\"https:\\\/\\\/dossies.agenciapatriciagalvao.org.br\\\/violencia-em-dados\\\/mais-de-232-mil-meninas-de-ate-14-anos-foram-maes-entre-2013-e-2023-no-brasil\\\/#primaryimage\",\"url\":\"https:\\\/\\\/assets-dossies-ipg-v2.nyc3.digitaloceanspaces.com\\\/sites\\\/5\\\/2025\\\/06\\\/vcm-infografico-3-rasem-2025.png\",\"contentUrl\":\"https:\\\/\\\/assets-dossies-ipg-v2.nyc3.digitaloceanspaces.com\\\/sites\\\/5\\\/2025\\\/06\\\/vcm-infografico-3-rasem-2025.png\",\"width\":504,\"height\":490},{\"@type\":\"BreadcrumbList\",\"@id\":\"https:\\\/\\\/dossies.agenciapatriciagalvao.org.br\\\/violencia-em-dados\\\/mais-de-232-mil-meninas-de-ate-14-anos-foram-maes-entre-2013-e-2023-no-brasil\\\/#breadcrumb\",\"itemListElement\":[{\"@type\":\"ListItem\",\"position\":1,\"name\":\"Home\",\"item\":\"https:\\\/\\\/dossies.agenciapatriciagalvao.org.br\\\/violencia-em-dados\\\/\"},{\"@type\":\"ListItem\",\"position\":2,\"name\":\"Mais de 232 mil meninas de at\u00e9 14 anos foram m\u00e3es entre 2013 e 2023 no Brasil\"}]},{\"@type\":\"WebSite\",\"@id\":\"https:\\\/\\\/dossies.agenciapatriciagalvao.org.br\\\/violencia-em-dados\\\/#website\",\"url\":\"https:\\\/\\\/dossies.agenciapatriciagalvao.org.br\\\/violencia-em-dados\\\/\",\"name\":\"Viol\u00eancia contra a mulher em dados\",\"description\":\"&lt;strong&gt;Viol\u00eancia contra as Mulheres em Dados&lt;\\\/strong&gt; re\u00fane pesquisas e dados recentes relacionados \u00e0s viol\u00eancias contra as mulheres no Brasil, com base no monitoramento e curadoria realizados pelo Instituto Patr\u00edcia Galv\u00e3o \u2013 com foco na viol\u00eancia dom\u00e9stica, sexual e online, no feminic\u00eddio e na intersec\u00e7\u00e3o com o racismo e a LGBT+fobia.\",\"potentialAction\":[{\"@type\":\"SearchAction\",\"target\":{\"@type\":\"EntryPoint\",\"urlTemplate\":\"https:\\\/\\\/dossies.agenciapatriciagalvao.org.br\\\/violencia-em-dados\\\/?s={search_term_string}\"},\"query-input\":{\"@type\":\"PropertyValueSpecification\",\"valueRequired\":true,\"valueName\":\"search_term_string\"}}],\"inLanguage\":\"pt-BR\"},{\"@type\":\"Person\",\"@id\":\"https:\\\/\\\/dossies.agenciapatriciagalvao.org.br\\\/violencia-em-dados\\\/#\\\/schema\\\/person\\\/4486652085e20ba3e59d8c8076130e59\",\"name\":\"flavia\",\"image\":{\"@type\":\"ImageObject\",\"inLanguage\":\"pt-BR\",\"@id\":\"https:\\\/\\\/secure.gravatar.com\\\/avatar\\\/fb2c188dd89605b7fb933ff4b7d0c767bdffff9620e042c8aba7d3a5b4c6bef1?s=96&d=mm&r=g\",\"url\":\"https:\\\/\\\/secure.gravatar.com\\\/avatar\\\/fb2c188dd89605b7fb933ff4b7d0c767bdffff9620e042c8aba7d3a5b4c6bef1?s=96&d=mm&r=g\",\"contentUrl\":\"https:\\\/\\\/secure.gravatar.com\\\/avatar\\\/fb2c188dd89605b7fb933ff4b7d0c767bdffff9620e042c8aba7d3a5b4c6bef1?s=96&d=mm&r=g\",\"caption\":\"flavia\"},\"url\":\"https:\\\/\\\/dossies.agenciapatriciagalvao.org.br\\\/violencia-em-dados\\\/author\\\/flavia\\\/\"}]}<\/script>\n<!-- \/ Yoast SEO plugin. -->","yoast_head_json":{"title":"Mais de 232 mil meninas de at\u00e9 14 anos foram m\u00e3es entre 2013 e 2023 no Brasil - Viol\u00eancia contra a mulher em dados","robots":{"index":"index","follow":"follow","max-snippet":"max-snippet:-1","max-image-preview":"max-image-preview:large","max-video-preview":"max-video-preview:-1"},"canonical":"https:\/\/dossies.agenciapatriciagalvao.org.br\/violencia-em-dados\/mais-de-232-mil-meninas-de-ate-14-anos-foram-maes-entre-2013-e-2023-no-brasil\/","og_locale":"pt_BR","og_type":"article","og_title":"Mais de 232 mil meninas de at\u00e9 14 anos foram m\u00e3es entre 2013 e 2023 no Brasil - Viol\u00eancia contra a mulher em dados","og_description":"O RASEAM 2025 (Relat\u00f3rio Anual Socioecon\u00f4mico da Mulher) \u00e9 uma publica\u00e7\u00e3o do Minist\u00e9rio das Mulheres que apresenta um panorama detalhado da situa\u00e7\u00e3o das brasileiras. Elaborado pelo Observat\u00f3rio Brasil da Igualdade de G\u00eanero, o relat\u00f3rio re\u00fane 328 indicadores de diversas fontes oficiais, como IBGE, Inep e minist\u00e9rios, abordando aspectos como demografia, trabalho, educa\u00e7\u00e3o, sa\u00fade, viol\u00eancia, participa\u00e7\u00e3o [&hellip;]","og_url":"https:\/\/dossies.agenciapatriciagalvao.org.br\/violencia-em-dados\/mais-de-232-mil-meninas-de-ate-14-anos-foram-maes-entre-2013-e-2023-no-brasil\/","og_site_name":"Viol\u00eancia contra a mulher em dados","article_published_time":"2025-06-04T18:10:19+00:00","og_image":[{"width":504,"height":490,"url":"https:\/\/assets-dossies-ipg-v2.nyc3.digitaloceanspaces.com\/sites\/5\/2025\/06\/vcm-infografico-3-rasem-2025.png","type":"image\/png"}],"author":"flavia","twitter_card":"summary_large_image","twitter_misc":{"Escrito por":"flavia","Est. tempo de leitura":"1 minuto"},"schema":{"@context":"https:\/\/schema.org","@graph":[{"@type":"Article","@id":"https:\/\/dossies.agenciapatriciagalvao.org.br\/violencia-em-dados\/mais-de-232-mil-meninas-de-ate-14-anos-foram-maes-entre-2013-e-2023-no-brasil\/#article","isPartOf":{"@id":"https:\/\/dossies.agenciapatriciagalvao.org.br\/violencia-em-dados\/mais-de-232-mil-meninas-de-ate-14-anos-foram-maes-entre-2013-e-2023-no-brasil\/"},"author":{"name":"flavia","@id":"https:\/\/dossies.agenciapatriciagalvao.org.br\/violencia-em-dados\/#\/schema\/person\/4486652085e20ba3e59d8c8076130e59"},"headline":"Mais de 232 mil meninas de at\u00e9 14 anos foram m\u00e3es entre 2013 e 2023 no Brasil","datePublished":"2025-06-04T18:10:19+00:00","mainEntityOfPage":{"@id":"https:\/\/dossies.agenciapatriciagalvao.org.br\/violencia-em-dados\/mais-de-232-mil-meninas-de-ate-14-anos-foram-maes-entre-2013-e-2023-no-brasil\/"},"wordCount":84,"image":{"@id":"https:\/\/dossies.agenciapatriciagalvao.org.br\/violencia-em-dados\/mais-de-232-mil-meninas-de-ate-14-anos-foram-maes-entre-2013-e-2023-no-brasil\/#primaryimage"},"thumbnailUrl":"https:\/\/assets-dossies-ipg-v2.nyc3.digitaloceanspaces.com\/sites\/5\/2025\/06\/vcm-infografico-3-rasem-2025.png","keywords":["direito ao aborto legal","direitos reprodutivos","direitos sexuais e reprodutivos","gravidez na adolesc\u00eancia","maternidade precoce","meninas m\u00e3es"],"articleSection":["Direitos sexuais e reprodutivos"],"inLanguage":"pt-BR"},{"@type":"WebPage","@id":"https:\/\/dossies.agenciapatriciagalvao.org.br\/violencia-em-dados\/mais-de-232-mil-meninas-de-ate-14-anos-foram-maes-entre-2013-e-2023-no-brasil\/","url":"https:\/\/dossies.agenciapatriciagalvao.org.br\/violencia-em-dados\/mais-de-232-mil-meninas-de-ate-14-anos-foram-maes-entre-2013-e-2023-no-brasil\/","name":"Mais de 232 mil meninas de at\u00e9 14 anos foram m\u00e3es entre 2013 e 2023 no Brasil - Viol\u00eancia contra a mulher em dados","isPartOf":{"@id":"https:\/\/dossies.agenciapatriciagalvao.org.br\/violencia-em-dados\/#website"},"primaryImageOfPage":{"@id":"https:\/\/dossies.agenciapatriciagalvao.org.br\/violencia-em-dados\/mais-de-232-mil-meninas-de-ate-14-anos-foram-maes-entre-2013-e-2023-no-brasil\/#primaryimage"},"image":{"@id":"https:\/\/dossies.agenciapatriciagalvao.org.br\/violencia-em-dados\/mais-de-232-mil-meninas-de-ate-14-anos-foram-maes-entre-2013-e-2023-no-brasil\/#primaryimage"},"thumbnailUrl":"https:\/\/assets-dossies-ipg-v2.nyc3.digitaloceanspaces.com\/sites\/5\/2025\/06\/vcm-infografico-3-rasem-2025.png","datePublished":"2025-06-04T18:10:19+00:00","author":{"@id":"https:\/\/dossies.agenciapatriciagalvao.org.br\/violencia-em-dados\/#\/schema\/person\/4486652085e20ba3e59d8c8076130e59"},"breadcrumb":{"@id":"https:\/\/dossies.agenciapatriciagalvao.org.br\/violencia-em-dados\/mais-de-232-mil-meninas-de-ate-14-anos-foram-maes-entre-2013-e-2023-no-brasil\/#breadcrumb"},"inLanguage":"pt-BR","potentialAction":[{"@type":"ReadAction","target":["https:\/\/dossies.agenciapatriciagalvao.org.br\/violencia-em-dados\/mais-de-232-mil-meninas-de-ate-14-anos-foram-maes-entre-2013-e-2023-no-brasil\/"]}]},{"@type":"ImageObject","inLanguage":"pt-BR","@id":"https:\/\/dossies.agenciapatriciagalvao.org.br\/violencia-em-dados\/mais-de-232-mil-meninas-de-ate-14-anos-foram-maes-entre-2013-e-2023-no-brasil\/#primaryimage","url":"https:\/\/assets-dossies-ipg-v2.nyc3.digitaloceanspaces.com\/sites\/5\/2025\/06\/vcm-infografico-3-rasem-2025.png","contentUrl":"https:\/\/assets-dossies-ipg-v2.nyc3.digitaloceanspaces.com\/sites\/5\/2025\/06\/vcm-infografico-3-rasem-2025.png","width":504,"height":490},{"@type":"BreadcrumbList","@id":"https:\/\/dossies.agenciapatriciagalvao.org.br\/violencia-em-dados\/mais-de-232-mil-meninas-de-ate-14-anos-foram-maes-entre-2013-e-2023-no-brasil\/#breadcrumb","itemListElement":[{"@type":"ListItem","position":1,"name":"Home","item":"https:\/\/dossies.agenciapatriciagalvao.org.br\/violencia-em-dados\/"},{"@type":"ListItem","position":2,"name":"Mais de 232 mil meninas de at\u00e9 14 anos foram m\u00e3es entre 2013 e 2023 no Brasil"}]},{"@type":"WebSite","@id":"https:\/\/dossies.agenciapatriciagalvao.org.br\/violencia-em-dados\/#website","url":"https:\/\/dossies.agenciapatriciagalvao.org.br\/violencia-em-dados\/","name":"Viol\u00eancia contra a mulher em dados","description":"&lt;strong&gt;Viol\u00eancia contra as Mulheres em Dados&lt;\/strong&gt; re\u00fane pesquisas e dados recentes relacionados \u00e0s viol\u00eancias contra as mulheres no Brasil, com base no monitoramento e curadoria realizados pelo Instituto Patr\u00edcia Galv\u00e3o \u2013 com foco na viol\u00eancia dom\u00e9stica, sexual e online, no feminic\u00eddio e na intersec\u00e7\u00e3o com o racismo e a LGBT+fobia.","potentialAction":[{"@type":"SearchAction","target":{"@type":"EntryPoint","urlTemplate":"https:\/\/dossies.agenciapatriciagalvao.org.br\/violencia-em-dados\/?s={search_term_string}"},"query-input":{"@type":"PropertyValueSpecification","valueRequired":true,"valueName":"search_term_string"}}],"inLanguage":"pt-BR"},{"@type":"Person","@id":"https:\/\/dossies.agenciapatriciagalvao.org.br\/violencia-em-dados\/#\/schema\/person\/4486652085e20ba3e59d8c8076130e59","name":"flavia","image":{"@type":"ImageObject","inLanguage":"pt-BR","@id":"https:\/\/secure.gravatar.com\/avatar\/fb2c188dd89605b7fb933ff4b7d0c767bdffff9620e042c8aba7d3a5b4c6bef1?s=96&d=mm&r=g","url":"https:\/\/secure.gravatar.com\/avatar\/fb2c188dd89605b7fb933ff4b7d0c767bdffff9620e042c8aba7d3a5b4c6bef1?s=96&d=mm&r=g","contentUrl":"https:\/\/secure.gravatar.com\/avatar\/fb2c188dd89605b7fb933ff4b7d0c767bdffff9620e042c8aba7d3a5b4c6bef1?s=96&d=mm&r=g","caption":"flavia"},"url":"https:\/\/dossies.agenciapatriciagalvao.org.br\/violencia-em-dados\/author\/flavia\/"}]}},"views":948,"_links":{"self":[{"href":"https:\/\/dossies.agenciapatriciagalvao.org.br\/violencia-em-dados\/wp-json\/wp\/v2\/posts\/2671","targetHints":{"allow":["GET"]}}],"collection":[{"href":"https:\/\/dossies.agenciapatriciagalvao.org.br\/violencia-em-dados\/wp-json\/wp\/v2\/posts"}],"about":[{"href":"https:\/\/dossies.agenciapatriciagalvao.org.br\/violencia-em-dados\/wp-json\/wp\/v2\/types\/post"}],"author":[{"embeddable":true,"href":"https:\/\/dossies.agenciapatriciagalvao.org.br\/violencia-em-dados\/wp-json\/wp\/v2\/users\/19"}],"replies":[{"embeddable":true,"href":"https:\/\/dossies.agenciapatriciagalvao.org.br\/violencia-em-dados\/wp-json\/wp\/v2\/comments?post=2671"}],"version-history":[{"count":1,"href":"https:\/\/dossies.agenciapatriciagalvao.org.br\/violencia-em-dados\/wp-json\/wp\/v2\/posts\/2671\/revisions"}],"predecessor-version":[{"id":2674,"href":"https:\/\/dossies.agenciapatriciagalvao.org.br\/violencia-em-dados\/wp-json\/wp\/v2\/posts\/2671\/revisions\/2674"}],"wp:featuredmedia":[{"embeddable":true,"href":"https:\/\/dossies.agenciapatriciagalvao.org.br\/violencia-em-dados\/wp-json\/wp\/v2\/media\/2673"}],"wp:attachment":[{"href":"https:\/\/dossies.agenciapatriciagalvao.org.br\/violencia-em-dados\/wp-json\/wp\/v2\/media?parent=2671"}],"wp:term":[{"taxonomy":"category","embeddable":true,"href":"https:\/\/dossies.agenciapatriciagalvao.org.br\/violencia-em-dados\/wp-json\/wp\/v2\/categories?post=2671"},{"taxonomy":"post_tag","embeddable":true,"href":"https:\/\/dossies.agenciapatriciagalvao.org.br\/violencia-em-dados\/wp-json\/wp\/v2\/tags?post=2671"}],"curies":[{"name":"wp","href":"https:\/\/api.w.org\/{rel}","templated":true}]}}