{"id":2646,"date":"2025-04-24T12:05:44","date_gmt":"2025-04-24T15:05:44","guid":{"rendered":"https:\/\/dossies.agenciapatriciagalvao.org.br\/violencia-em-dados\/?p=2646"},"modified":"2025-05-16T12:24:29","modified_gmt":"2025-05-16T15:24:29","slug":"quase-metade-das-mulheres-brasileiras-foram-vitimas-de-violencia-em-2024","status":"publish","type":"post","link":"https:\/\/dossies.agenciapatriciagalvao.org.br\/violencia-em-dados\/quase-metade-das-mulheres-brasileiras-foram-vitimas-de-violencia-em-2024\/","title":{"rendered":"Quase metade das mulheres brasileiras foram v\u00edtimas de viol\u00eancia em 2024"},"content":{"rendered":"<p>A 5\u00aa edi\u00e7\u00e3o da pesquisa \u201cVis\u00edvel e Invis\u00edvel: a vitimiza\u00e7\u00e3o de mulheres no Brasil\u201d, lan\u00e7ada em mar\u00e7o de 2025 pelo F\u00f3rum Brasileiro de Seguran\u00e7a P\u00fablica (FBSP) em conjunto com o Instituto DataFolha e apoio da Uber, entrevistou 2.007 mulheres brasileiras com 16 anos ou mais em 126 munic\u00edpios. Realizada entre 10 e 14 de fevereiro de 2025, a pesquisa utilizou um question\u00e1rio de cerca de 20 minutos e incluiu um m\u00f3dulo espec\u00edfico sobre vitimiza\u00e7\u00e3o. O estudo traz dados in\u00e9ditos sobre as diversas formas de viol\u00eancia sofridas por meninas e mulheres no pa\u00eds.<\/p>\n<div class=\"infogram-embed\" data-id=\"ff75488a-9071-471b-a2a4-6dec76085aff\" data-type=\"interactive\" data-title=\"Quase metade das mulheres brasileiras foram v\u00edtimas de viol\u00eancia em 2024\"><\/div>\n<p><script>!function(e,n,i,s){var d=\"InfogramEmbeds\";var o=e.getElementsByTagName(n)[0];if(window[d]&&window[d].initialized)window[d].process&&window[d].process();else if(!e.getElementById(i)){var r=e.createElement(n);r.async=1,r.id=i,r.src=s,o.parentNode.insertBefore(r,o)}}(document,\"script\",\"infogram-async\",\"https:\/\/e.infogram.com\/js\/dist\/embed-loader-min.js\");<\/script><\/p>\n","protected":false},"excerpt":{"rendered":"<p>A 5\u00aa edi\u00e7\u00e3o da pesquisa \u201cVis\u00edvel e Invis\u00edvel: a vitimiza\u00e7\u00e3o de mulheres no Brasil\u201d, lan\u00e7ada em mar\u00e7o de 2025 pelo F\u00f3rum Brasileiro de Seguran\u00e7a P\u00fablica (FBSP) em conjunto com o Instituto DataFolha e apoio da Uber, entrevistou 2.007 mulheres brasileiras com 16 anos ou mais em 126 munic\u00edpios. Realizada entre 10 e 14 de fevereiro [&hellip;]<\/p>\n","protected":false},"author":19,"featured_media":2647,"comment_status":"closed","ping_status":"closed","sticky":false,"template":"","format":"standard","meta":{"footnotes":""},"categories":[135,6,9,8],"tags":[91,97,169,65,203,18,50,52,54,53,130],"class_list":["post-2646","post","type-post","status-publish","format-standard","has-post-thumbnail","hentry","category-cultura-da-violencia-e-machismo","category-violencia-de-genero-na-internet","category-violencia-domestica-e-familiar","category-violencia-sexual","tag-agressao","tag-assedio","tag-assedio-no-transporte","tag-assedio-sexual","tag-desigualdade-de-genero","tag-estupro","tag-violencia-domestica","tag-violencia-domestica-e-familiar","tag-violencia-familiar","tag-violencia-fisica","tag-violencia-psicologica"],"yoast_head":"<!-- This site is optimized with the Yoast SEO plugin v27.4 - https:\/\/yoast.com\/product\/yoast-seo-wordpress\/ -->\n<title>Quase metade das mulheres brasileiras foram v\u00edtimas de viol\u00eancia em 2024 - Viol\u00eancia contra a mulher em dados<\/title>\n<meta name=\"robots\" content=\"index, follow, max-snippet:-1, max-image-preview:large, max-video-preview:-1\" \/>\n<link rel=\"canonical\" href=\"https:\/\/dossies.agenciapatriciagalvao.org.br\/violencia-em-dados\/quase-metade-das-mulheres-brasileiras-foram-vitimas-de-violencia-em-2024\/\" \/>\n<meta property=\"og:locale\" content=\"pt_BR\" \/>\n<meta property=\"og:type\" content=\"article\" \/>\n<meta property=\"og:title\" content=\"Quase metade das mulheres brasileiras foram v\u00edtimas de viol\u00eancia em 2024 - Viol\u00eancia contra a mulher em dados\" \/>\n<meta property=\"og:description\" content=\"A 5\u00aa edi\u00e7\u00e3o da pesquisa \u201cVis\u00edvel e Invis\u00edvel: a vitimiza\u00e7\u00e3o de mulheres no Brasil\u201d, lan\u00e7ada em mar\u00e7o de 2025 pelo F\u00f3rum Brasileiro de Seguran\u00e7a P\u00fablica (FBSP) em conjunto com o Instituto DataFolha e apoio da Uber, entrevistou 2.007 mulheres brasileiras com 16 anos ou mais em 126 munic\u00edpios. Realizada entre 10 e 14 de fevereiro [&hellip;]\" \/>\n<meta property=\"og:url\" content=\"https:\/\/dossies.agenciapatriciagalvao.org.br\/violencia-em-dados\/quase-metade-das-mulheres-brasileiras-foram-vitimas-de-violencia-em-2024\/\" \/>\n<meta property=\"og:site_name\" content=\"Viol\u00eancia contra a mulher em dados\" \/>\n<meta property=\"article:published_time\" content=\"2025-04-24T15:05:44+00:00\" \/>\n<meta property=\"article:modified_time\" content=\"2025-05-16T15:24:29+00:00\" \/>\n<meta property=\"og:image\" content=\"https:\/\/assets-dossies-ipg-v2.nyc3.digitaloceanspaces.com\/sites\/5\/2025\/04\/capa-pesquisa-data-fbsp2025.png\" \/>\n\t<meta property=\"og:image:width\" content=\"672\" \/>\n\t<meta property=\"og:image:height\" content=\"524\" \/>\n\t<meta property=\"og:image:type\" content=\"image\/png\" \/>\n<meta name=\"author\" content=\"flavia\" \/>\n<meta name=\"twitter:card\" content=\"summary_large_image\" \/>\n<meta name=\"twitter:label1\" content=\"Escrito por\" \/>\n\t<meta name=\"twitter:data1\" content=\"flavia\" \/>\n\t<meta name=\"twitter:label2\" content=\"Est. tempo de leitura\" \/>\n\t<meta name=\"twitter:data2\" content=\"1 minuto\" \/>\n<script type=\"application\/ld+json\" class=\"yoast-schema-graph\">{\"@context\":\"https:\\\/\\\/schema.org\",\"@graph\":[{\"@type\":\"Article\",\"@id\":\"https:\\\/\\\/dossies.agenciapatriciagalvao.org.br\\\/violencia-em-dados\\\/quase-metade-das-mulheres-brasileiras-foram-vitimas-de-violencia-em-2024\\\/#article\",\"isPartOf\":{\"@id\":\"https:\\\/\\\/dossies.agenciapatriciagalvao.org.br\\\/violencia-em-dados\\\/quase-metade-das-mulheres-brasileiras-foram-vitimas-de-violencia-em-2024\\\/\"},\"author\":{\"name\":\"flavia\",\"@id\":\"https:\\\/\\\/dossies.agenciapatriciagalvao.org.br\\\/violencia-em-dados\\\/#\\\/schema\\\/person\\\/4486652085e20ba3e59d8c8076130e59\"},\"headline\":\"Quase metade das mulheres brasileiras foram v\u00edtimas de viol\u00eancia em 2024\",\"datePublished\":\"2025-04-24T15:05:44+00:00\",\"dateModified\":\"2025-05-16T15:24:29+00:00\",\"mainEntityOfPage\":{\"@id\":\"https:\\\/\\\/dossies.agenciapatriciagalvao.org.br\\\/violencia-em-dados\\\/quase-metade-das-mulheres-brasileiras-foram-vitimas-de-violencia-em-2024\\\/\"},\"wordCount\":112,\"image\":{\"@id\":\"https:\\\/\\\/dossies.agenciapatriciagalvao.org.br\\\/violencia-em-dados\\\/quase-metade-das-mulheres-brasileiras-foram-vitimas-de-violencia-em-2024\\\/#primaryimage\"},\"thumbnailUrl\":\"https:\\\/\\\/assets-dossies-ipg-v2.nyc3.digitaloceanspaces.com\\\/sites\\\/5\\\/2025\\\/04\\\/capa-pesquisa-data-fbsp2025.png\",\"keywords\":[\"agressao\",\"assedio\",\"assedio no transporte\",\"assedio sexual\",\"desigualdade de genero\",\"estupro\",\"violencia domestica\",\"violencia domestica e familiar\",\"violencia familiar\",\"violencia fisica\",\"violencia psicologica\"],\"articleSection\":[\"Cultura da viol\u00eancia e machismo\",\"Viol\u00eancia de g\u00eanero na internet\",\"Viol\u00eancia dom\u00e9stica e familiar\",\"Viol\u00eancia sexual\"],\"inLanguage\":\"pt-BR\"},{\"@type\":\"WebPage\",\"@id\":\"https:\\\/\\\/dossies.agenciapatriciagalvao.org.br\\\/violencia-em-dados\\\/quase-metade-das-mulheres-brasileiras-foram-vitimas-de-violencia-em-2024\\\/\",\"url\":\"https:\\\/\\\/dossies.agenciapatriciagalvao.org.br\\\/violencia-em-dados\\\/quase-metade-das-mulheres-brasileiras-foram-vitimas-de-violencia-em-2024\\\/\",\"name\":\"Quase metade das mulheres brasileiras foram v\u00edtimas de viol\u00eancia em 2024 - Viol\u00eancia contra a mulher em dados\",\"isPartOf\":{\"@id\":\"https:\\\/\\\/dossies.agenciapatriciagalvao.org.br\\\/violencia-em-dados\\\/#website\"},\"primaryImageOfPage\":{\"@id\":\"https:\\\/\\\/dossies.agenciapatriciagalvao.org.br\\\/violencia-em-dados\\\/quase-metade-das-mulheres-brasileiras-foram-vitimas-de-violencia-em-2024\\\/#primaryimage\"},\"image\":{\"@id\":\"https:\\\/\\\/dossies.agenciapatriciagalvao.org.br\\\/violencia-em-dados\\\/quase-metade-das-mulheres-brasileiras-foram-vitimas-de-violencia-em-2024\\\/#primaryimage\"},\"thumbnailUrl\":\"https:\\\/\\\/assets-dossies-ipg-v2.nyc3.digitaloceanspaces.com\\\/sites\\\/5\\\/2025\\\/04\\\/capa-pesquisa-data-fbsp2025.png\",\"datePublished\":\"2025-04-24T15:05:44+00:00\",\"dateModified\":\"2025-05-16T15:24:29+00:00\",\"author\":{\"@id\":\"https:\\\/\\\/dossies.agenciapatriciagalvao.org.br\\\/violencia-em-dados\\\/#\\\/schema\\\/person\\\/4486652085e20ba3e59d8c8076130e59\"},\"breadcrumb\":{\"@id\":\"https:\\\/\\\/dossies.agenciapatriciagalvao.org.br\\\/violencia-em-dados\\\/quase-metade-das-mulheres-brasileiras-foram-vitimas-de-violencia-em-2024\\\/#breadcrumb\"},\"inLanguage\":\"pt-BR\",\"potentialAction\":[{\"@type\":\"ReadAction\",\"target\":[\"https:\\\/\\\/dossies.agenciapatriciagalvao.org.br\\\/violencia-em-dados\\\/quase-metade-das-mulheres-brasileiras-foram-vitimas-de-violencia-em-2024\\\/\"]}]},{\"@type\":\"ImageObject\",\"inLanguage\":\"pt-BR\",\"@id\":\"https:\\\/\\\/dossies.agenciapatriciagalvao.org.br\\\/violencia-em-dados\\\/quase-metade-das-mulheres-brasileiras-foram-vitimas-de-violencia-em-2024\\\/#primaryimage\",\"url\":\"https:\\\/\\\/assets-dossies-ipg-v2.nyc3.digitaloceanspaces.com\\\/sites\\\/5\\\/2025\\\/04\\\/capa-pesquisa-data-fbsp2025.png\",\"contentUrl\":\"https:\\\/\\\/assets-dossies-ipg-v2.nyc3.digitaloceanspaces.com\\\/sites\\\/5\\\/2025\\\/04\\\/capa-pesquisa-data-fbsp2025.png\",\"width\":672,\"height\":524},{\"@type\":\"BreadcrumbList\",\"@id\":\"https:\\\/\\\/dossies.agenciapatriciagalvao.org.br\\\/violencia-em-dados\\\/quase-metade-das-mulheres-brasileiras-foram-vitimas-de-violencia-em-2024\\\/#breadcrumb\",\"itemListElement\":[{\"@type\":\"ListItem\",\"position\":1,\"name\":\"Home\",\"item\":\"https:\\\/\\\/dossies.agenciapatriciagalvao.org.br\\\/violencia-em-dados\\\/\"},{\"@type\":\"ListItem\",\"position\":2,\"name\":\"Quase metade das mulheres brasileiras foram v\u00edtimas de viol\u00eancia em 2024\"}]},{\"@type\":\"WebSite\",\"@id\":\"https:\\\/\\\/dossies.agenciapatriciagalvao.org.br\\\/violencia-em-dados\\\/#website\",\"url\":\"https:\\\/\\\/dossies.agenciapatriciagalvao.org.br\\\/violencia-em-dados\\\/\",\"name\":\"Viol\u00eancia contra a mulher em dados\",\"description\":\"&lt;strong&gt;Viol\u00eancia contra as Mulheres em Dados&lt;\\\/strong&gt; re\u00fane pesquisas e dados recentes relacionados \u00e0s viol\u00eancias contra as mulheres no Brasil, com base no monitoramento e curadoria realizados pelo Instituto Patr\u00edcia Galv\u00e3o \u2013 com foco na viol\u00eancia dom\u00e9stica, sexual e online, no feminic\u00eddio e na intersec\u00e7\u00e3o com o racismo e a LGBT+fobia.\",\"potentialAction\":[{\"@type\":\"SearchAction\",\"target\":{\"@type\":\"EntryPoint\",\"urlTemplate\":\"https:\\\/\\\/dossies.agenciapatriciagalvao.org.br\\\/violencia-em-dados\\\/?s={search_term_string}\"},\"query-input\":{\"@type\":\"PropertyValueSpecification\",\"valueRequired\":true,\"valueName\":\"search_term_string\"}}],\"inLanguage\":\"pt-BR\"},{\"@type\":\"Person\",\"@id\":\"https:\\\/\\\/dossies.agenciapatriciagalvao.org.br\\\/violencia-em-dados\\\/#\\\/schema\\\/person\\\/4486652085e20ba3e59d8c8076130e59\",\"name\":\"flavia\",\"image\":{\"@type\":\"ImageObject\",\"inLanguage\":\"pt-BR\",\"@id\":\"https:\\\/\\\/secure.gravatar.com\\\/avatar\\\/fb2c188dd89605b7fb933ff4b7d0c767bdffff9620e042c8aba7d3a5b4c6bef1?s=96&d=mm&r=g\",\"url\":\"https:\\\/\\\/secure.gravatar.com\\\/avatar\\\/fb2c188dd89605b7fb933ff4b7d0c767bdffff9620e042c8aba7d3a5b4c6bef1?s=96&d=mm&r=g\",\"contentUrl\":\"https:\\\/\\\/secure.gravatar.com\\\/avatar\\\/fb2c188dd89605b7fb933ff4b7d0c767bdffff9620e042c8aba7d3a5b4c6bef1?s=96&d=mm&r=g\",\"caption\":\"flavia\"},\"url\":\"https:\\\/\\\/dossies.agenciapatriciagalvao.org.br\\\/violencia-em-dados\\\/author\\\/flavia\\\/\"}]}<\/script>\n<!-- \/ Yoast SEO plugin. -->","yoast_head_json":{"title":"Quase metade das mulheres brasileiras foram v\u00edtimas de viol\u00eancia em 2024 - Viol\u00eancia contra a mulher em dados","robots":{"index":"index","follow":"follow","max-snippet":"max-snippet:-1","max-image-preview":"max-image-preview:large","max-video-preview":"max-video-preview:-1"},"canonical":"https:\/\/dossies.agenciapatriciagalvao.org.br\/violencia-em-dados\/quase-metade-das-mulheres-brasileiras-foram-vitimas-de-violencia-em-2024\/","og_locale":"pt_BR","og_type":"article","og_title":"Quase metade das mulheres brasileiras foram v\u00edtimas de viol\u00eancia em 2024 - Viol\u00eancia contra a mulher em dados","og_description":"A 5\u00aa edi\u00e7\u00e3o da pesquisa \u201cVis\u00edvel e Invis\u00edvel: a vitimiza\u00e7\u00e3o de mulheres no Brasil\u201d, lan\u00e7ada em mar\u00e7o de 2025 pelo F\u00f3rum Brasileiro de Seguran\u00e7a P\u00fablica (FBSP) em conjunto com o Instituto DataFolha e apoio da Uber, entrevistou 2.007 mulheres brasileiras com 16 anos ou mais em 126 munic\u00edpios. Realizada entre 10 e 14 de fevereiro [&hellip;]","og_url":"https:\/\/dossies.agenciapatriciagalvao.org.br\/violencia-em-dados\/quase-metade-das-mulheres-brasileiras-foram-vitimas-de-violencia-em-2024\/","og_site_name":"Viol\u00eancia contra a mulher em dados","article_published_time":"2025-04-24T15:05:44+00:00","article_modified_time":"2025-05-16T15:24:29+00:00","og_image":[{"width":672,"height":524,"url":"https:\/\/assets-dossies-ipg-v2.nyc3.digitaloceanspaces.com\/sites\/5\/2025\/04\/capa-pesquisa-data-fbsp2025.png","type":"image\/png"}],"author":"flavia","twitter_card":"summary_large_image","twitter_misc":{"Escrito por":"flavia","Est. tempo de leitura":"1 minuto"},"schema":{"@context":"https:\/\/schema.org","@graph":[{"@type":"Article","@id":"https:\/\/dossies.agenciapatriciagalvao.org.br\/violencia-em-dados\/quase-metade-das-mulheres-brasileiras-foram-vitimas-de-violencia-em-2024\/#article","isPartOf":{"@id":"https:\/\/dossies.agenciapatriciagalvao.org.br\/violencia-em-dados\/quase-metade-das-mulheres-brasileiras-foram-vitimas-de-violencia-em-2024\/"},"author":{"name":"flavia","@id":"https:\/\/dossies.agenciapatriciagalvao.org.br\/violencia-em-dados\/#\/schema\/person\/4486652085e20ba3e59d8c8076130e59"},"headline":"Quase metade das mulheres brasileiras foram v\u00edtimas de viol\u00eancia em 2024","datePublished":"2025-04-24T15:05:44+00:00","dateModified":"2025-05-16T15:24:29+00:00","mainEntityOfPage":{"@id":"https:\/\/dossies.agenciapatriciagalvao.org.br\/violencia-em-dados\/quase-metade-das-mulheres-brasileiras-foram-vitimas-de-violencia-em-2024\/"},"wordCount":112,"image":{"@id":"https:\/\/dossies.agenciapatriciagalvao.org.br\/violencia-em-dados\/quase-metade-das-mulheres-brasileiras-foram-vitimas-de-violencia-em-2024\/#primaryimage"},"thumbnailUrl":"https:\/\/assets-dossies-ipg-v2.nyc3.digitaloceanspaces.com\/sites\/5\/2025\/04\/capa-pesquisa-data-fbsp2025.png","keywords":["agressao","assedio","assedio no transporte","assedio sexual","desigualdade de genero","estupro","violencia domestica","violencia domestica e familiar","violencia familiar","violencia fisica","violencia psicologica"],"articleSection":["Cultura da viol\u00eancia e machismo","Viol\u00eancia de g\u00eanero na internet","Viol\u00eancia dom\u00e9stica e familiar","Viol\u00eancia sexual"],"inLanguage":"pt-BR"},{"@type":"WebPage","@id":"https:\/\/dossies.agenciapatriciagalvao.org.br\/violencia-em-dados\/quase-metade-das-mulheres-brasileiras-foram-vitimas-de-violencia-em-2024\/","url":"https:\/\/dossies.agenciapatriciagalvao.org.br\/violencia-em-dados\/quase-metade-das-mulheres-brasileiras-foram-vitimas-de-violencia-em-2024\/","name":"Quase metade das mulheres brasileiras foram v\u00edtimas de viol\u00eancia em 2024 - Viol\u00eancia contra a mulher em dados","isPartOf":{"@id":"https:\/\/dossies.agenciapatriciagalvao.org.br\/violencia-em-dados\/#website"},"primaryImageOfPage":{"@id":"https:\/\/dossies.agenciapatriciagalvao.org.br\/violencia-em-dados\/quase-metade-das-mulheres-brasileiras-foram-vitimas-de-violencia-em-2024\/#primaryimage"},"image":{"@id":"https:\/\/dossies.agenciapatriciagalvao.org.br\/violencia-em-dados\/quase-metade-das-mulheres-brasileiras-foram-vitimas-de-violencia-em-2024\/#primaryimage"},"thumbnailUrl":"https:\/\/assets-dossies-ipg-v2.nyc3.digitaloceanspaces.com\/sites\/5\/2025\/04\/capa-pesquisa-data-fbsp2025.png","datePublished":"2025-04-24T15:05:44+00:00","dateModified":"2025-05-16T15:24:29+00:00","author":{"@id":"https:\/\/dossies.agenciapatriciagalvao.org.br\/violencia-em-dados\/#\/schema\/person\/4486652085e20ba3e59d8c8076130e59"},"breadcrumb":{"@id":"https:\/\/dossies.agenciapatriciagalvao.org.br\/violencia-em-dados\/quase-metade-das-mulheres-brasileiras-foram-vitimas-de-violencia-em-2024\/#breadcrumb"},"inLanguage":"pt-BR","potentialAction":[{"@type":"ReadAction","target":["https:\/\/dossies.agenciapatriciagalvao.org.br\/violencia-em-dados\/quase-metade-das-mulheres-brasileiras-foram-vitimas-de-violencia-em-2024\/"]}]},{"@type":"ImageObject","inLanguage":"pt-BR","@id":"https:\/\/dossies.agenciapatriciagalvao.org.br\/violencia-em-dados\/quase-metade-das-mulheres-brasileiras-foram-vitimas-de-violencia-em-2024\/#primaryimage","url":"https:\/\/assets-dossies-ipg-v2.nyc3.digitaloceanspaces.com\/sites\/5\/2025\/04\/capa-pesquisa-data-fbsp2025.png","contentUrl":"https:\/\/assets-dossies-ipg-v2.nyc3.digitaloceanspaces.com\/sites\/5\/2025\/04\/capa-pesquisa-data-fbsp2025.png","width":672,"height":524},{"@type":"BreadcrumbList","@id":"https:\/\/dossies.agenciapatriciagalvao.org.br\/violencia-em-dados\/quase-metade-das-mulheres-brasileiras-foram-vitimas-de-violencia-em-2024\/#breadcrumb","itemListElement":[{"@type":"ListItem","position":1,"name":"Home","item":"https:\/\/dossies.agenciapatriciagalvao.org.br\/violencia-em-dados\/"},{"@type":"ListItem","position":2,"name":"Quase metade das mulheres brasileiras foram v\u00edtimas de viol\u00eancia em 2024"}]},{"@type":"WebSite","@id":"https:\/\/dossies.agenciapatriciagalvao.org.br\/violencia-em-dados\/#website","url":"https:\/\/dossies.agenciapatriciagalvao.org.br\/violencia-em-dados\/","name":"Viol\u00eancia contra a mulher em dados","description":"&lt;strong&gt;Viol\u00eancia contra as Mulheres em Dados&lt;\/strong&gt; re\u00fane pesquisas e dados recentes relacionados \u00e0s viol\u00eancias contra as mulheres no Brasil, com base no monitoramento e curadoria realizados pelo Instituto Patr\u00edcia Galv\u00e3o \u2013 com foco na viol\u00eancia dom\u00e9stica, sexual e online, no feminic\u00eddio e na intersec\u00e7\u00e3o com o racismo e a LGBT+fobia.","potentialAction":[{"@type":"SearchAction","target":{"@type":"EntryPoint","urlTemplate":"https:\/\/dossies.agenciapatriciagalvao.org.br\/violencia-em-dados\/?s={search_term_string}"},"query-input":{"@type":"PropertyValueSpecification","valueRequired":true,"valueName":"search_term_string"}}],"inLanguage":"pt-BR"},{"@type":"Person","@id":"https:\/\/dossies.agenciapatriciagalvao.org.br\/violencia-em-dados\/#\/schema\/person\/4486652085e20ba3e59d8c8076130e59","name":"flavia","image":{"@type":"ImageObject","inLanguage":"pt-BR","@id":"https:\/\/secure.gravatar.com\/avatar\/fb2c188dd89605b7fb933ff4b7d0c767bdffff9620e042c8aba7d3a5b4c6bef1?s=96&d=mm&r=g","url":"https:\/\/secure.gravatar.com\/avatar\/fb2c188dd89605b7fb933ff4b7d0c767bdffff9620e042c8aba7d3a5b4c6bef1?s=96&d=mm&r=g","contentUrl":"https:\/\/secure.gravatar.com\/avatar\/fb2c188dd89605b7fb933ff4b7d0c767bdffff9620e042c8aba7d3a5b4c6bef1?s=96&d=mm&r=g","caption":"flavia"},"url":"https:\/\/dossies.agenciapatriciagalvao.org.br\/violencia-em-dados\/author\/flavia\/"}]}},"views":1552,"_links":{"self":[{"href":"https:\/\/dossies.agenciapatriciagalvao.org.br\/violencia-em-dados\/wp-json\/wp\/v2\/posts\/2646","targetHints":{"allow":["GET"]}}],"collection":[{"href":"https:\/\/dossies.agenciapatriciagalvao.org.br\/violencia-em-dados\/wp-json\/wp\/v2\/posts"}],"about":[{"href":"https:\/\/dossies.agenciapatriciagalvao.org.br\/violencia-em-dados\/wp-json\/wp\/v2\/types\/post"}],"author":[{"embeddable":true,"href":"https:\/\/dossies.agenciapatriciagalvao.org.br\/violencia-em-dados\/wp-json\/wp\/v2\/users\/19"}],"replies":[{"embeddable":true,"href":"https:\/\/dossies.agenciapatriciagalvao.org.br\/violencia-em-dados\/wp-json\/wp\/v2\/comments?post=2646"}],"version-history":[{"count":3,"href":"https:\/\/dossies.agenciapatriciagalvao.org.br\/violencia-em-dados\/wp-json\/wp\/v2\/posts\/2646\/revisions"}],"predecessor-version":[{"id":2663,"href":"https:\/\/dossies.agenciapatriciagalvao.org.br\/violencia-em-dados\/wp-json\/wp\/v2\/posts\/2646\/revisions\/2663"}],"wp:featuredmedia":[{"embeddable":true,"href":"https:\/\/dossies.agenciapatriciagalvao.org.br\/violencia-em-dados\/wp-json\/wp\/v2\/media\/2647"}],"wp:attachment":[{"href":"https:\/\/dossies.agenciapatriciagalvao.org.br\/violencia-em-dados\/wp-json\/wp\/v2\/media?parent=2646"}],"wp:term":[{"taxonomy":"category","embeddable":true,"href":"https:\/\/dossies.agenciapatriciagalvao.org.br\/violencia-em-dados\/wp-json\/wp\/v2\/categories?post=2646"},{"taxonomy":"post_tag","embeddable":true,"href":"https:\/\/dossies.agenciapatriciagalvao.org.br\/violencia-em-dados\/wp-json\/wp\/v2\/tags?post=2646"}],"curies":[{"name":"wp","href":"https:\/\/api.w.org\/{rel}","templated":true}]}}