{"id":2601,"date":"2025-01-22T14:23:08","date_gmt":"2025-01-22T17:23:08","guid":{"rendered":"https:\/\/dossies.agenciapatriciagalvao.org.br\/violencia-em-dados\/?p=2601"},"modified":"2025-01-22T14:42:09","modified_gmt":"2025-01-22T17:42:09","slug":"9-em-cada-10-mulheres-acreditam-que-o-feminicidio-aumentou-nos-ultimos-5-anos","status":"publish","type":"post","link":"https:\/\/dossies.agenciapatriciagalvao.org.br\/violencia-em-dados\/9-em-cada-10-mulheres-acreditam-que-o-feminicidio-aumentou-nos-ultimos-5-anos\/","title":{"rendered":"9 em cada 10 mulheres acreditam que o feminic\u00eddio aumentou nos \u00faltimos 5 anos"},"content":{"rendered":"<p>A pesquisa &#8220;Medo, amea\u00e7a e risco: percep\u00e7\u00f5es e viv\u00eancias das mulheres sobre viol\u00eancia dom\u00e9stica e feminic\u00eddio&#8221; foi conduzido pelo Instituto Patr\u00edcia Galv\u00e3o em parceria com a Consulting do Brasil, em novembro de 2024. O estudo contou com o apoio do Minist\u00e9rio das Mulheres, por meio da emenda parlamentar do mandato da deputada federal Luiza Erundina (PSOL-SP). Ao todo, 1.353 mulheres com 18 anos ou mais participaram do levantamento, respondendo a um question\u00e1rio online aplicado entre os dias 23 e 30 de outubro de 2024.<\/p>\n<div class=\"infogram-embed\" data-id=\"3bfc4492-bb36-48df-9ceb-06ab2260921b\" data-type=\"interactive\" data-title=\"9 em cada 10 mulheres acreditam que o feminic\u00eddio aumentou nos \u00faltimos 5 anos\"><\/div>\n<p><script>!function(e,n,i,s){var d=\"InfogramEmbeds\";var o=e.getElementsByTagName(n)[0];if(window[d]&&window[d].initialized)window[d].process&&window[d].process();else if(!e.getElementById(i)){var r=e.createElement(n);r.async=1,r.id=i,r.src=s,o.parentNode.insertBefore(r,o)}}(document,\"script\",\"infogram-async\",\"https:\/\/e.infogram.com\/js\/dist\/embed-loader-min.js\");<\/script><\/p>\n","protected":false},"excerpt":{"rendered":"<p>A pesquisa &#8220;Medo, amea\u00e7a e risco: percep\u00e7\u00f5es e viv\u00eancias das mulheres sobre viol\u00eancia dom\u00e9stica e feminic\u00eddio&#8221; foi conduzido pelo Instituto Patr\u00edcia Galv\u00e3o em parceria com a Consulting do Brasil, em novembro de 2024. O estudo contou com o apoio do Minist\u00e9rio das Mulheres, por meio da emenda parlamentar do mandato da deputada federal Luiza Erundina [&hellip;]<\/p>\n","protected":false},"author":18,"featured_media":2602,"comment_status":"closed","ping_status":"closed","sticky":false,"template":"","format":"standard","meta":{"footnotes":""},"categories":[135,4,9],"tags":[91,159,32,16,203,30,46,14,29,28,22,50,52,53,71,80,70,217,130,19],"class_list":["post-2601","post","type-post","status-publish","format-standard","has-post-thumbnail","hentry","category-cultura-da-violencia-e-machismo","category-feminicidio","category-violencia-domestica-e-familiar","tag-agressao","tag-arma-de-fogo","tag-assassinato-de-mulheres","tag-assassinatos","tag-desigualdade-de-genero","tag-feminicidio","tag-forum-brasileiro-de-seguranca-publica","tag-genero-e-raca","tag-lei-maria-da-penha","tag-violencia-contra-as-mulheres","tag-violencia-de-genero","tag-violencia-domestica","tag-violencia-domestica-e-familiar","tag-violencia-fisica","tag-violencia-moral","tag-violencia-online","tag-violencia-patrimonial","tag-violencia-politica","tag-violencia-psicologica","tag-violencia-sexual"],"yoast_head":"<!-- This site is optimized with the Yoast SEO plugin v27.4 - https:\/\/yoast.com\/product\/yoast-seo-wordpress\/ -->\n<title>9 em cada 10 mulheres acreditam que o feminic\u00eddio aumentou nos \u00faltimos 5 anos - Viol\u00eancia contra a mulher em dados<\/title>\n<meta name=\"robots\" content=\"index, follow, max-snippet:-1, max-image-preview:large, max-video-preview:-1\" \/>\n<link rel=\"canonical\" href=\"https:\/\/dossies.agenciapatriciagalvao.org.br\/violencia-em-dados\/9-em-cada-10-mulheres-acreditam-que-o-feminicidio-aumentou-nos-ultimos-5-anos\/\" \/>\n<meta property=\"og:locale\" content=\"pt_BR\" \/>\n<meta property=\"og:type\" content=\"article\" \/>\n<meta property=\"og:title\" content=\"9 em cada 10 mulheres acreditam que o feminic\u00eddio aumentou nos \u00faltimos 5 anos - Viol\u00eancia contra a mulher em dados\" \/>\n<meta property=\"og:description\" content=\"A pesquisa &#8220;Medo, amea\u00e7a e risco: percep\u00e7\u00f5es e viv\u00eancias das mulheres sobre viol\u00eancia dom\u00e9stica e feminic\u00eddio&#8221; foi conduzido pelo Instituto Patr\u00edcia Galv\u00e3o em parceria com a Consulting do Brasil, em novembro de 2024. O estudo contou com o apoio do Minist\u00e9rio das Mulheres, por meio da emenda parlamentar do mandato da deputada federal Luiza Erundina [&hellip;]\" \/>\n<meta property=\"og:url\" content=\"https:\/\/dossies.agenciapatriciagalvao.org.br\/violencia-em-dados\/9-em-cada-10-mulheres-acreditam-que-o-feminicidio-aumentou-nos-ultimos-5-anos\/\" \/>\n<meta property=\"og:site_name\" content=\"Viol\u00eancia contra a mulher em dados\" \/>\n<meta property=\"article:published_time\" content=\"2025-01-22T17:23:08+00:00\" \/>\n<meta property=\"article:modified_time\" content=\"2025-01-22T17:42:09+00:00\" \/>\n<meta property=\"og:image\" content=\"https:\/\/assets-dossies-ipg-v2.nyc3.digitaloceanspaces.com\/sites\/5\/2025\/01\/Infografico3_PesquisaVDF_Emenda23.png\" \/>\n\t<meta property=\"og:image:width\" content=\"952\" \/>\n\t<meta property=\"og:image:height\" content=\"800\" \/>\n\t<meta property=\"og:image:type\" content=\"image\/png\" \/>\n<meta name=\"author\" content=\"juliacruz\" \/>\n<meta name=\"twitter:card\" content=\"summary_large_image\" \/>\n<meta name=\"twitter:label1\" content=\"Escrito por\" \/>\n\t<meta name=\"twitter:data1\" content=\"juliacruz\" \/>\n\t<meta name=\"twitter:label2\" content=\"Est. tempo de leitura\" \/>\n\t<meta name=\"twitter:data2\" content=\"1 minuto\" \/>\n<script type=\"application\/ld+json\" class=\"yoast-schema-graph\">{\"@context\":\"https:\\\/\\\/schema.org\",\"@graph\":[{\"@type\":\"Article\",\"@id\":\"https:\\\/\\\/dossies.agenciapatriciagalvao.org.br\\\/violencia-em-dados\\\/9-em-cada-10-mulheres-acreditam-que-o-feminicidio-aumentou-nos-ultimos-5-anos\\\/#article\",\"isPartOf\":{\"@id\":\"https:\\\/\\\/dossies.agenciapatriciagalvao.org.br\\\/violencia-em-dados\\\/9-em-cada-10-mulheres-acreditam-que-o-feminicidio-aumentou-nos-ultimos-5-anos\\\/\"},\"author\":{\"name\":\"juliacruz\",\"@id\":\"https:\\\/\\\/dossies.agenciapatriciagalvao.org.br\\\/violencia-em-dados\\\/#\\\/schema\\\/person\\\/72dbf330ed24be2b2270d3da0241f6aa\"},\"headline\":\"9 em cada 10 mulheres acreditam que o feminic\u00eddio aumentou nos \u00faltimos 5 anos\",\"datePublished\":\"2025-01-22T17:23:08+00:00\",\"dateModified\":\"2025-01-22T17:42:09+00:00\",\"mainEntityOfPage\":{\"@id\":\"https:\\\/\\\/dossies.agenciapatriciagalvao.org.br\\\/violencia-em-dados\\\/9-em-cada-10-mulheres-acreditam-que-o-feminicidio-aumentou-nos-ultimos-5-anos\\\/\"},\"wordCount\":100,\"image\":{\"@id\":\"https:\\\/\\\/dossies.agenciapatriciagalvao.org.br\\\/violencia-em-dados\\\/9-em-cada-10-mulheres-acreditam-que-o-feminicidio-aumentou-nos-ultimos-5-anos\\\/#primaryimage\"},\"thumbnailUrl\":\"https:\\\/\\\/assets-dossies-ipg-v2.nyc3.digitaloceanspaces.com\\\/sites\\\/5\\\/2025\\\/01\\\/Infografico3_PesquisaVDF_Emenda23.png\",\"keywords\":[\"agressao\",\"arma de fogo\",\"assassinato de mulheres\",\"assassinatos\",\"desigualdade de genero\",\"feminicidio\",\"forum brasileiro de seguranca publica\",\"genero e raca\",\"lei maria da penha\",\"violencia contra as mulheres\",\"violencia de genero\",\"violencia domestica\",\"violencia domestica e familiar\",\"violencia fisica\",\"violencia moral\",\"violencia online\",\"violencia patrimonial\",\"viol\u00eancia pol\u00edtica\",\"violencia psicologica\",\"violencia sexual\"],\"articleSection\":[\"Cultura da viol\u00eancia e machismo\",\"Feminic\u00eddio\",\"Viol\u00eancia dom\u00e9stica e familiar\"],\"inLanguage\":\"pt-BR\"},{\"@type\":\"WebPage\",\"@id\":\"https:\\\/\\\/dossies.agenciapatriciagalvao.org.br\\\/violencia-em-dados\\\/9-em-cada-10-mulheres-acreditam-que-o-feminicidio-aumentou-nos-ultimos-5-anos\\\/\",\"url\":\"https:\\\/\\\/dossies.agenciapatriciagalvao.org.br\\\/violencia-em-dados\\\/9-em-cada-10-mulheres-acreditam-que-o-feminicidio-aumentou-nos-ultimos-5-anos\\\/\",\"name\":\"9 em cada 10 mulheres acreditam que o feminic\u00eddio aumentou nos \u00faltimos 5 anos - Viol\u00eancia contra a mulher em dados\",\"isPartOf\":{\"@id\":\"https:\\\/\\\/dossies.agenciapatriciagalvao.org.br\\\/violencia-em-dados\\\/#website\"},\"primaryImageOfPage\":{\"@id\":\"https:\\\/\\\/dossies.agenciapatriciagalvao.org.br\\\/violencia-em-dados\\\/9-em-cada-10-mulheres-acreditam-que-o-feminicidio-aumentou-nos-ultimos-5-anos\\\/#primaryimage\"},\"image\":{\"@id\":\"https:\\\/\\\/dossies.agenciapatriciagalvao.org.br\\\/violencia-em-dados\\\/9-em-cada-10-mulheres-acreditam-que-o-feminicidio-aumentou-nos-ultimos-5-anos\\\/#primaryimage\"},\"thumbnailUrl\":\"https:\\\/\\\/assets-dossies-ipg-v2.nyc3.digitaloceanspaces.com\\\/sites\\\/5\\\/2025\\\/01\\\/Infografico3_PesquisaVDF_Emenda23.png\",\"datePublished\":\"2025-01-22T17:23:08+00:00\",\"dateModified\":\"2025-01-22T17:42:09+00:00\",\"author\":{\"@id\":\"https:\\\/\\\/dossies.agenciapatriciagalvao.org.br\\\/violencia-em-dados\\\/#\\\/schema\\\/person\\\/72dbf330ed24be2b2270d3da0241f6aa\"},\"breadcrumb\":{\"@id\":\"https:\\\/\\\/dossies.agenciapatriciagalvao.org.br\\\/violencia-em-dados\\\/9-em-cada-10-mulheres-acreditam-que-o-feminicidio-aumentou-nos-ultimos-5-anos\\\/#breadcrumb\"},\"inLanguage\":\"pt-BR\",\"potentialAction\":[{\"@type\":\"ReadAction\",\"target\":[\"https:\\\/\\\/dossies.agenciapatriciagalvao.org.br\\\/violencia-em-dados\\\/9-em-cada-10-mulheres-acreditam-que-o-feminicidio-aumentou-nos-ultimos-5-anos\\\/\"]}]},{\"@type\":\"ImageObject\",\"inLanguage\":\"pt-BR\",\"@id\":\"https:\\\/\\\/dossies.agenciapatriciagalvao.org.br\\\/violencia-em-dados\\\/9-em-cada-10-mulheres-acreditam-que-o-feminicidio-aumentou-nos-ultimos-5-anos\\\/#primaryimage\",\"url\":\"https:\\\/\\\/assets-dossies-ipg-v2.nyc3.digitaloceanspaces.com\\\/sites\\\/5\\\/2025\\\/01\\\/Infografico3_PesquisaVDF_Emenda23.png\",\"contentUrl\":\"https:\\\/\\\/assets-dossies-ipg-v2.nyc3.digitaloceanspaces.com\\\/sites\\\/5\\\/2025\\\/01\\\/Infografico3_PesquisaVDF_Emenda23.png\",\"width\":952,\"height\":800},{\"@type\":\"BreadcrumbList\",\"@id\":\"https:\\\/\\\/dossies.agenciapatriciagalvao.org.br\\\/violencia-em-dados\\\/9-em-cada-10-mulheres-acreditam-que-o-feminicidio-aumentou-nos-ultimos-5-anos\\\/#breadcrumb\",\"itemListElement\":[{\"@type\":\"ListItem\",\"position\":1,\"name\":\"Home\",\"item\":\"https:\\\/\\\/dossies.agenciapatriciagalvao.org.br\\\/violencia-em-dados\\\/\"},{\"@type\":\"ListItem\",\"position\":2,\"name\":\"9 em cada 10 mulheres acreditam que o feminic\u00eddio aumentou nos \u00faltimos 5 anos\"}]},{\"@type\":\"WebSite\",\"@id\":\"https:\\\/\\\/dossies.agenciapatriciagalvao.org.br\\\/violencia-em-dados\\\/#website\",\"url\":\"https:\\\/\\\/dossies.agenciapatriciagalvao.org.br\\\/violencia-em-dados\\\/\",\"name\":\"Viol\u00eancia contra a mulher em dados\",\"description\":\"&lt;strong&gt;Viol\u00eancia contra as Mulheres em Dados&lt;\\\/strong&gt; re\u00fane pesquisas e dados recentes relacionados \u00e0s viol\u00eancias contra as mulheres no Brasil, com base no monitoramento e curadoria realizados pelo Instituto Patr\u00edcia Galv\u00e3o \u2013 com foco na viol\u00eancia dom\u00e9stica, sexual e online, no feminic\u00eddio e na intersec\u00e7\u00e3o com o racismo e a LGBT+fobia.\",\"potentialAction\":[{\"@type\":\"SearchAction\",\"target\":{\"@type\":\"EntryPoint\",\"urlTemplate\":\"https:\\\/\\\/dossies.agenciapatriciagalvao.org.br\\\/violencia-em-dados\\\/?s={search_term_string}\"},\"query-input\":{\"@type\":\"PropertyValueSpecification\",\"valueRequired\":true,\"valueName\":\"search_term_string\"}}],\"inLanguage\":\"pt-BR\"},{\"@type\":\"Person\",\"@id\":\"https:\\\/\\\/dossies.agenciapatriciagalvao.org.br\\\/violencia-em-dados\\\/#\\\/schema\\\/person\\\/72dbf330ed24be2b2270d3da0241f6aa\",\"name\":\"juliacruz\",\"image\":{\"@type\":\"ImageObject\",\"inLanguage\":\"pt-BR\",\"@id\":\"https:\\\/\\\/secure.gravatar.com\\\/avatar\\\/00df412823e6d91264abbbcf624ccd251bfcb86175b0588b296a475ea3cb0169?s=96&d=mm&r=g\",\"url\":\"https:\\\/\\\/secure.gravatar.com\\\/avatar\\\/00df412823e6d91264abbbcf624ccd251bfcb86175b0588b296a475ea3cb0169?s=96&d=mm&r=g\",\"contentUrl\":\"https:\\\/\\\/secure.gravatar.com\\\/avatar\\\/00df412823e6d91264abbbcf624ccd251bfcb86175b0588b296a475ea3cb0169?s=96&d=mm&r=g\",\"caption\":\"juliacruz\"},\"url\":\"https:\\\/\\\/dossies.agenciapatriciagalvao.org.br\\\/violencia-em-dados\\\/author\\\/juliacruz\\\/\"}]}<\/script>\n<!-- \/ Yoast SEO plugin. -->","yoast_head_json":{"title":"9 em cada 10 mulheres acreditam que o feminic\u00eddio aumentou nos \u00faltimos 5 anos - Viol\u00eancia contra a mulher em dados","robots":{"index":"index","follow":"follow","max-snippet":"max-snippet:-1","max-image-preview":"max-image-preview:large","max-video-preview":"max-video-preview:-1"},"canonical":"https:\/\/dossies.agenciapatriciagalvao.org.br\/violencia-em-dados\/9-em-cada-10-mulheres-acreditam-que-o-feminicidio-aumentou-nos-ultimos-5-anos\/","og_locale":"pt_BR","og_type":"article","og_title":"9 em cada 10 mulheres acreditam que o feminic\u00eddio aumentou nos \u00faltimos 5 anos - Viol\u00eancia contra a mulher em dados","og_description":"A pesquisa &#8220;Medo, amea\u00e7a e risco: percep\u00e7\u00f5es e viv\u00eancias das mulheres sobre viol\u00eancia dom\u00e9stica e feminic\u00eddio&#8221; foi conduzido pelo Instituto Patr\u00edcia Galv\u00e3o em parceria com a Consulting do Brasil, em novembro de 2024. O estudo contou com o apoio do Minist\u00e9rio das Mulheres, por meio da emenda parlamentar do mandato da deputada federal Luiza Erundina [&hellip;]","og_url":"https:\/\/dossies.agenciapatriciagalvao.org.br\/violencia-em-dados\/9-em-cada-10-mulheres-acreditam-que-o-feminicidio-aumentou-nos-ultimos-5-anos\/","og_site_name":"Viol\u00eancia contra a mulher em dados","article_published_time":"2025-01-22T17:23:08+00:00","article_modified_time":"2025-01-22T17:42:09+00:00","og_image":[{"width":952,"height":800,"url":"https:\/\/assets-dossies-ipg-v2.nyc3.digitaloceanspaces.com\/sites\/5\/2025\/01\/Infografico3_PesquisaVDF_Emenda23.png","type":"image\/png"}],"author":"juliacruz","twitter_card":"summary_large_image","twitter_misc":{"Escrito por":"juliacruz","Est. tempo de leitura":"1 minuto"},"schema":{"@context":"https:\/\/schema.org","@graph":[{"@type":"Article","@id":"https:\/\/dossies.agenciapatriciagalvao.org.br\/violencia-em-dados\/9-em-cada-10-mulheres-acreditam-que-o-feminicidio-aumentou-nos-ultimos-5-anos\/#article","isPartOf":{"@id":"https:\/\/dossies.agenciapatriciagalvao.org.br\/violencia-em-dados\/9-em-cada-10-mulheres-acreditam-que-o-feminicidio-aumentou-nos-ultimos-5-anos\/"},"author":{"name":"juliacruz","@id":"https:\/\/dossies.agenciapatriciagalvao.org.br\/violencia-em-dados\/#\/schema\/person\/72dbf330ed24be2b2270d3da0241f6aa"},"headline":"9 em cada 10 mulheres acreditam que o feminic\u00eddio aumentou nos \u00faltimos 5 anos","datePublished":"2025-01-22T17:23:08+00:00","dateModified":"2025-01-22T17:42:09+00:00","mainEntityOfPage":{"@id":"https:\/\/dossies.agenciapatriciagalvao.org.br\/violencia-em-dados\/9-em-cada-10-mulheres-acreditam-que-o-feminicidio-aumentou-nos-ultimos-5-anos\/"},"wordCount":100,"image":{"@id":"https:\/\/dossies.agenciapatriciagalvao.org.br\/violencia-em-dados\/9-em-cada-10-mulheres-acreditam-que-o-feminicidio-aumentou-nos-ultimos-5-anos\/#primaryimage"},"thumbnailUrl":"https:\/\/assets-dossies-ipg-v2.nyc3.digitaloceanspaces.com\/sites\/5\/2025\/01\/Infografico3_PesquisaVDF_Emenda23.png","keywords":["agressao","arma de fogo","assassinato de mulheres","assassinatos","desigualdade de genero","feminicidio","forum brasileiro de seguranca publica","genero e raca","lei maria da penha","violencia contra as mulheres","violencia de genero","violencia domestica","violencia domestica e familiar","violencia fisica","violencia moral","violencia online","violencia patrimonial","viol\u00eancia pol\u00edtica","violencia psicologica","violencia sexual"],"articleSection":["Cultura da viol\u00eancia e machismo","Feminic\u00eddio","Viol\u00eancia dom\u00e9stica e familiar"],"inLanguage":"pt-BR"},{"@type":"WebPage","@id":"https:\/\/dossies.agenciapatriciagalvao.org.br\/violencia-em-dados\/9-em-cada-10-mulheres-acreditam-que-o-feminicidio-aumentou-nos-ultimos-5-anos\/","url":"https:\/\/dossies.agenciapatriciagalvao.org.br\/violencia-em-dados\/9-em-cada-10-mulheres-acreditam-que-o-feminicidio-aumentou-nos-ultimos-5-anos\/","name":"9 em cada 10 mulheres acreditam que o feminic\u00eddio aumentou nos \u00faltimos 5 anos - Viol\u00eancia contra a mulher em dados","isPartOf":{"@id":"https:\/\/dossies.agenciapatriciagalvao.org.br\/violencia-em-dados\/#website"},"primaryImageOfPage":{"@id":"https:\/\/dossies.agenciapatriciagalvao.org.br\/violencia-em-dados\/9-em-cada-10-mulheres-acreditam-que-o-feminicidio-aumentou-nos-ultimos-5-anos\/#primaryimage"},"image":{"@id":"https:\/\/dossies.agenciapatriciagalvao.org.br\/violencia-em-dados\/9-em-cada-10-mulheres-acreditam-que-o-feminicidio-aumentou-nos-ultimos-5-anos\/#primaryimage"},"thumbnailUrl":"https:\/\/assets-dossies-ipg-v2.nyc3.digitaloceanspaces.com\/sites\/5\/2025\/01\/Infografico3_PesquisaVDF_Emenda23.png","datePublished":"2025-01-22T17:23:08+00:00","dateModified":"2025-01-22T17:42:09+00:00","author":{"@id":"https:\/\/dossies.agenciapatriciagalvao.org.br\/violencia-em-dados\/#\/schema\/person\/72dbf330ed24be2b2270d3da0241f6aa"},"breadcrumb":{"@id":"https:\/\/dossies.agenciapatriciagalvao.org.br\/violencia-em-dados\/9-em-cada-10-mulheres-acreditam-que-o-feminicidio-aumentou-nos-ultimos-5-anos\/#breadcrumb"},"inLanguage":"pt-BR","potentialAction":[{"@type":"ReadAction","target":["https:\/\/dossies.agenciapatriciagalvao.org.br\/violencia-em-dados\/9-em-cada-10-mulheres-acreditam-que-o-feminicidio-aumentou-nos-ultimos-5-anos\/"]}]},{"@type":"ImageObject","inLanguage":"pt-BR","@id":"https:\/\/dossies.agenciapatriciagalvao.org.br\/violencia-em-dados\/9-em-cada-10-mulheres-acreditam-que-o-feminicidio-aumentou-nos-ultimos-5-anos\/#primaryimage","url":"https:\/\/assets-dossies-ipg-v2.nyc3.digitaloceanspaces.com\/sites\/5\/2025\/01\/Infografico3_PesquisaVDF_Emenda23.png","contentUrl":"https:\/\/assets-dossies-ipg-v2.nyc3.digitaloceanspaces.com\/sites\/5\/2025\/01\/Infografico3_PesquisaVDF_Emenda23.png","width":952,"height":800},{"@type":"BreadcrumbList","@id":"https:\/\/dossies.agenciapatriciagalvao.org.br\/violencia-em-dados\/9-em-cada-10-mulheres-acreditam-que-o-feminicidio-aumentou-nos-ultimos-5-anos\/#breadcrumb","itemListElement":[{"@type":"ListItem","position":1,"name":"Home","item":"https:\/\/dossies.agenciapatriciagalvao.org.br\/violencia-em-dados\/"},{"@type":"ListItem","position":2,"name":"9 em cada 10 mulheres acreditam que o feminic\u00eddio aumentou nos \u00faltimos 5 anos"}]},{"@type":"WebSite","@id":"https:\/\/dossies.agenciapatriciagalvao.org.br\/violencia-em-dados\/#website","url":"https:\/\/dossies.agenciapatriciagalvao.org.br\/violencia-em-dados\/","name":"Viol\u00eancia contra a mulher em dados","description":"&lt;strong&gt;Viol\u00eancia contra as Mulheres em Dados&lt;\/strong&gt; re\u00fane pesquisas e dados recentes relacionados \u00e0s viol\u00eancias contra as mulheres no Brasil, com base no monitoramento e curadoria realizados pelo Instituto Patr\u00edcia Galv\u00e3o \u2013 com foco na viol\u00eancia dom\u00e9stica, sexual e online, no feminic\u00eddio e na intersec\u00e7\u00e3o com o racismo e a LGBT+fobia.","potentialAction":[{"@type":"SearchAction","target":{"@type":"EntryPoint","urlTemplate":"https:\/\/dossies.agenciapatriciagalvao.org.br\/violencia-em-dados\/?s={search_term_string}"},"query-input":{"@type":"PropertyValueSpecification","valueRequired":true,"valueName":"search_term_string"}}],"inLanguage":"pt-BR"},{"@type":"Person","@id":"https:\/\/dossies.agenciapatriciagalvao.org.br\/violencia-em-dados\/#\/schema\/person\/72dbf330ed24be2b2270d3da0241f6aa","name":"juliacruz","image":{"@type":"ImageObject","inLanguage":"pt-BR","@id":"https:\/\/secure.gravatar.com\/avatar\/00df412823e6d91264abbbcf624ccd251bfcb86175b0588b296a475ea3cb0169?s=96&d=mm&r=g","url":"https:\/\/secure.gravatar.com\/avatar\/00df412823e6d91264abbbcf624ccd251bfcb86175b0588b296a475ea3cb0169?s=96&d=mm&r=g","contentUrl":"https:\/\/secure.gravatar.com\/avatar\/00df412823e6d91264abbbcf624ccd251bfcb86175b0588b296a475ea3cb0169?s=96&d=mm&r=g","caption":"juliacruz"},"url":"https:\/\/dossies.agenciapatriciagalvao.org.br\/violencia-em-dados\/author\/juliacruz\/"}]}},"views":1136,"_links":{"self":[{"href":"https:\/\/dossies.agenciapatriciagalvao.org.br\/violencia-em-dados\/wp-json\/wp\/v2\/posts\/2601","targetHints":{"allow":["GET"]}}],"collection":[{"href":"https:\/\/dossies.agenciapatriciagalvao.org.br\/violencia-em-dados\/wp-json\/wp\/v2\/posts"}],"about":[{"href":"https:\/\/dossies.agenciapatriciagalvao.org.br\/violencia-em-dados\/wp-json\/wp\/v2\/types\/post"}],"author":[{"embeddable":true,"href":"https:\/\/dossies.agenciapatriciagalvao.org.br\/violencia-em-dados\/wp-json\/wp\/v2\/users\/18"}],"replies":[{"embeddable":true,"href":"https:\/\/dossies.agenciapatriciagalvao.org.br\/violencia-em-dados\/wp-json\/wp\/v2\/comments?post=2601"}],"version-history":[{"count":1,"href":"https:\/\/dossies.agenciapatriciagalvao.org.br\/violencia-em-dados\/wp-json\/wp\/v2\/posts\/2601\/revisions"}],"predecessor-version":[{"id":2603,"href":"https:\/\/dossies.agenciapatriciagalvao.org.br\/violencia-em-dados\/wp-json\/wp\/v2\/posts\/2601\/revisions\/2603"}],"wp:featuredmedia":[{"embeddable":true,"href":"https:\/\/dossies.agenciapatriciagalvao.org.br\/violencia-em-dados\/wp-json\/wp\/v2\/media\/2602"}],"wp:attachment":[{"href":"https:\/\/dossies.agenciapatriciagalvao.org.br\/violencia-em-dados\/wp-json\/wp\/v2\/media?parent=2601"}],"wp:term":[{"taxonomy":"category","embeddable":true,"href":"https:\/\/dossies.agenciapatriciagalvao.org.br\/violencia-em-dados\/wp-json\/wp\/v2\/categories?post=2601"},{"taxonomy":"post_tag","embeddable":true,"href":"https:\/\/dossies.agenciapatriciagalvao.org.br\/violencia-em-dados\/wp-json\/wp\/v2\/tags?post=2601"}],"curies":[{"name":"wp","href":"https:\/\/api.w.org\/{rel}","templated":true}]}}