{"id":2528,"date":"2024-03-08T14:26:58","date_gmt":"2024-03-08T17:26:58","guid":{"rendered":"https:\/\/dossies.agenciapatriciagalvao.org.br\/violencia-em-dados\/?p=2528"},"modified":"2024-03-12T15:46:17","modified_gmt":"2024-03-12T18:46:17","slug":"62-das-brasileiras-consideram-o-brasil-um-pais-muito-machista","status":"publish","type":"post","link":"https:\/\/dossies.agenciapatriciagalvao.org.br\/violencia-em-dados\/62-das-brasileiras-consideram-o-brasil-um-pais-muito-machista\/","title":{"rendered":"62% das brasileiras consideram o Brasil um pa\u00eds muito machista"},"content":{"rendered":"<p>A 10\u00aa edi\u00e7\u00e3o da Pesquisa Nacional de Viol\u00eancia Contra a Mulher, que pela primeira vez inclui dados por estado sobre as experi\u00eancias e percep\u00e7\u00f5es das mulheres brasileiras em rela\u00e7\u00e3o \u00e0s diversas formas de viol\u00eancia, revela que as mulheres brasileiras consideram o Brasil um pa\u00eds muito machista e que mais da metade das brasileiras (52%) apontam a rua como o lugar em que as mulheres s\u00e3o menos respeitadas no pa\u00eds. Realizada atrav\u00e9s de entrevistas telef\u00f4nicas com 21.787 mulheres de 16 anos ou mais, a pesquisa \u00e9 fruto de uma parceria conjunta entre o Observat\u00f3rio da Mulher Contra a Viol\u00eancia (OMV) e o Instituto DataSenado, ambas as institui\u00e7\u00f5es integrantes do Senado Federal.<\/p>\n<div class=\"infogram-embed\" data-id=\"b012735b-d3ef-44d3-b726-d2f4e6cdf26b\" data-type=\"interactive\" data-title=\"62% das brasileiras consideram o Brasil um pa\u00eds muito machista\"><\/div>\n<p><script>!function(e,n,i,s){var d=\"InfogramEmbeds\";var o=e.getElementsByTagName(n)[0];if(window[d]&&window[d].initialized)window[d].process&&window[d].process();else if(!e.getElementById(i)){var r=e.createElement(n);r.async=1,r.id=i,r.src=s,o.parentNode.insertBefore(r,o)}}(document,\"script\",\"infogram-async\",\"https:\/\/e.infogram.com\/js\/dist\/embed-loader-min.js\");<\/script><\/p>\n","protected":false},"excerpt":{"rendered":"<p>A 10\u00aa edi\u00e7\u00e3o da Pesquisa Nacional de Viol\u00eancia Contra a Mulher, que pela primeira vez inclui dados por estado sobre as experi\u00eancias e percep\u00e7\u00f5es das mulheres brasileiras em rela\u00e7\u00e3o \u00e0s diversas formas de viol\u00eancia, revela que as mulheres brasileiras consideram o Brasil um pa\u00eds muito machista e que mais da metade das brasileiras (52%) apontam [&hellip;]<\/p>\n","protected":false},"author":18,"featured_media":2529,"comment_status":"closed","ping_status":"closed","sticky":false,"template":"","format":"standard","meta":{"footnotes":""},"categories":[135,9],"tags":[29,28,22,50,52,54,53],"class_list":["post-2528","post","type-post","status-publish","format-standard","has-post-thumbnail","hentry","category-cultura-da-violencia-e-machismo","category-violencia-domestica-e-familiar","tag-lei-maria-da-penha","tag-violencia-contra-as-mulheres","tag-violencia-de-genero","tag-violencia-domestica","tag-violencia-domestica-e-familiar","tag-violencia-familiar","tag-violencia-fisica"],"yoast_head":"<!-- This site is optimized with the Yoast SEO plugin v27.4 - https:\/\/yoast.com\/product\/yoast-seo-wordpress\/ -->\n<title>62% das brasileiras consideram o Brasil um pa\u00eds muito machista - Viol\u00eancia contra a mulher em dados<\/title>\n<meta name=\"robots\" content=\"index, follow, max-snippet:-1, max-image-preview:large, max-video-preview:-1\" \/>\n<link rel=\"canonical\" href=\"https:\/\/dossies.agenciapatriciagalvao.org.br\/violencia-em-dados\/62-das-brasileiras-consideram-o-brasil-um-pais-muito-machista\/\" \/>\n<meta property=\"og:locale\" content=\"pt_BR\" \/>\n<meta property=\"og:type\" content=\"article\" \/>\n<meta property=\"og:title\" content=\"62% das brasileiras consideram o Brasil um pa\u00eds muito machista - Viol\u00eancia contra a mulher em dados\" \/>\n<meta property=\"og:description\" content=\"A 10\u00aa edi\u00e7\u00e3o da Pesquisa Nacional de Viol\u00eancia Contra a Mulher, que pela primeira vez inclui dados por estado sobre as experi\u00eancias e percep\u00e7\u00f5es das mulheres brasileiras em rela\u00e7\u00e3o \u00e0s diversas formas de viol\u00eancia, revela que as mulheres brasileiras consideram o Brasil um pa\u00eds muito machista e que mais da metade das brasileiras (52%) apontam [&hellip;]\" \/>\n<meta property=\"og:url\" content=\"https:\/\/dossies.agenciapatriciagalvao.org.br\/violencia-em-dados\/62-das-brasileiras-consideram-o-brasil-um-pais-muito-machista\/\" \/>\n<meta property=\"og:site_name\" content=\"Viol\u00eancia contra a mulher em dados\" \/>\n<meta property=\"article:published_time\" content=\"2024-03-08T17:26:58+00:00\" \/>\n<meta property=\"article:modified_time\" content=\"2024-03-12T18:46:17+00:00\" \/>\n<meta property=\"og:image\" content=\"https:\/\/assets-dossies-ipg-v2.nyc3.digitaloceanspaces.com\/sites\/5\/2024\/03\/62-das-brasileiras-consideram-o-Brasil-um-pais-muito-machista.png\" \/>\n\t<meta property=\"og:image:width\" content=\"457\" \/>\n\t<meta property=\"og:image:height\" content=\"507\" \/>\n\t<meta property=\"og:image:type\" content=\"image\/png\" \/>\n<meta name=\"author\" content=\"juliacruz\" \/>\n<meta name=\"twitter:card\" content=\"summary_large_image\" \/>\n<meta name=\"twitter:label1\" content=\"Escrito por\" \/>\n\t<meta name=\"twitter:data1\" content=\"juliacruz\" \/>\n\t<meta name=\"twitter:label2\" content=\"Est. tempo de leitura\" \/>\n\t<meta name=\"twitter:data2\" content=\"1 minuto\" \/>\n<script type=\"application\/ld+json\" class=\"yoast-schema-graph\">{\"@context\":\"https:\\\/\\\/schema.org\",\"@graph\":[{\"@type\":\"Article\",\"@id\":\"https:\\\/\\\/dossies.agenciapatriciagalvao.org.br\\\/violencia-em-dados\\\/62-das-brasileiras-consideram-o-brasil-um-pais-muito-machista\\\/#article\",\"isPartOf\":{\"@id\":\"https:\\\/\\\/dossies.agenciapatriciagalvao.org.br\\\/violencia-em-dados\\\/62-das-brasileiras-consideram-o-brasil-um-pais-muito-machista\\\/\"},\"author\":{\"name\":\"juliacruz\",\"@id\":\"https:\\\/\\\/dossies.agenciapatriciagalvao.org.br\\\/violencia-em-dados\\\/#\\\/schema\\\/person\\\/72dbf330ed24be2b2270d3da0241f6aa\"},\"headline\":\"62% das brasileiras consideram o Brasil um pa\u00eds muito machista\",\"datePublished\":\"2024-03-08T17:26:58+00:00\",\"dateModified\":\"2024-03-12T18:46:17+00:00\",\"mainEntityOfPage\":{\"@id\":\"https:\\\/\\\/dossies.agenciapatriciagalvao.org.br\\\/violencia-em-dados\\\/62-das-brasileiras-consideram-o-brasil-um-pais-muito-machista\\\/\"},\"wordCount\":129,\"image\":{\"@id\":\"https:\\\/\\\/dossies.agenciapatriciagalvao.org.br\\\/violencia-em-dados\\\/62-das-brasileiras-consideram-o-brasil-um-pais-muito-machista\\\/#primaryimage\"},\"thumbnailUrl\":\"https:\\\/\\\/assets-dossies-ipg-v2.nyc3.digitaloceanspaces.com\\\/sites\\\/5\\\/2024\\\/03\\\/62-das-brasileiras-consideram-o-Brasil-um-pais-muito-machista.png\",\"keywords\":[\"lei maria da penha\",\"violencia contra as mulheres\",\"violencia de genero\",\"violencia domestica\",\"violencia domestica e familiar\",\"violencia familiar\",\"violencia fisica\"],\"articleSection\":[\"Cultura da viol\u00eancia e machismo\",\"Viol\u00eancia dom\u00e9stica e familiar\"],\"inLanguage\":\"pt-BR\"},{\"@type\":\"WebPage\",\"@id\":\"https:\\\/\\\/dossies.agenciapatriciagalvao.org.br\\\/violencia-em-dados\\\/62-das-brasileiras-consideram-o-brasil-um-pais-muito-machista\\\/\",\"url\":\"https:\\\/\\\/dossies.agenciapatriciagalvao.org.br\\\/violencia-em-dados\\\/62-das-brasileiras-consideram-o-brasil-um-pais-muito-machista\\\/\",\"name\":\"62% das brasileiras consideram o Brasil um pa\u00eds muito machista - Viol\u00eancia contra a mulher em dados\",\"isPartOf\":{\"@id\":\"https:\\\/\\\/dossies.agenciapatriciagalvao.org.br\\\/violencia-em-dados\\\/#website\"},\"primaryImageOfPage\":{\"@id\":\"https:\\\/\\\/dossies.agenciapatriciagalvao.org.br\\\/violencia-em-dados\\\/62-das-brasileiras-consideram-o-brasil-um-pais-muito-machista\\\/#primaryimage\"},\"image\":{\"@id\":\"https:\\\/\\\/dossies.agenciapatriciagalvao.org.br\\\/violencia-em-dados\\\/62-das-brasileiras-consideram-o-brasil-um-pais-muito-machista\\\/#primaryimage\"},\"thumbnailUrl\":\"https:\\\/\\\/assets-dossies-ipg-v2.nyc3.digitaloceanspaces.com\\\/sites\\\/5\\\/2024\\\/03\\\/62-das-brasileiras-consideram-o-Brasil-um-pais-muito-machista.png\",\"datePublished\":\"2024-03-08T17:26:58+00:00\",\"dateModified\":\"2024-03-12T18:46:17+00:00\",\"author\":{\"@id\":\"https:\\\/\\\/dossies.agenciapatriciagalvao.org.br\\\/violencia-em-dados\\\/#\\\/schema\\\/person\\\/72dbf330ed24be2b2270d3da0241f6aa\"},\"breadcrumb\":{\"@id\":\"https:\\\/\\\/dossies.agenciapatriciagalvao.org.br\\\/violencia-em-dados\\\/62-das-brasileiras-consideram-o-brasil-um-pais-muito-machista\\\/#breadcrumb\"},\"inLanguage\":\"pt-BR\",\"potentialAction\":[{\"@type\":\"ReadAction\",\"target\":[\"https:\\\/\\\/dossies.agenciapatriciagalvao.org.br\\\/violencia-em-dados\\\/62-das-brasileiras-consideram-o-brasil-um-pais-muito-machista\\\/\"]}]},{\"@type\":\"ImageObject\",\"inLanguage\":\"pt-BR\",\"@id\":\"https:\\\/\\\/dossies.agenciapatriciagalvao.org.br\\\/violencia-em-dados\\\/62-das-brasileiras-consideram-o-brasil-um-pais-muito-machista\\\/#primaryimage\",\"url\":\"https:\\\/\\\/assets-dossies-ipg-v2.nyc3.digitaloceanspaces.com\\\/sites\\\/5\\\/2024\\\/03\\\/62-das-brasileiras-consideram-o-Brasil-um-pais-muito-machista.png\",\"contentUrl\":\"https:\\\/\\\/assets-dossies-ipg-v2.nyc3.digitaloceanspaces.com\\\/sites\\\/5\\\/2024\\\/03\\\/62-das-brasileiras-consideram-o-Brasil-um-pais-muito-machista.png\",\"width\":457,\"height\":507},{\"@type\":\"BreadcrumbList\",\"@id\":\"https:\\\/\\\/dossies.agenciapatriciagalvao.org.br\\\/violencia-em-dados\\\/62-das-brasileiras-consideram-o-brasil-um-pais-muito-machista\\\/#breadcrumb\",\"itemListElement\":[{\"@type\":\"ListItem\",\"position\":1,\"name\":\"Home\",\"item\":\"https:\\\/\\\/dossies.agenciapatriciagalvao.org.br\\\/violencia-em-dados\\\/\"},{\"@type\":\"ListItem\",\"position\":2,\"name\":\"62% das brasileiras consideram o Brasil um pa\u00eds muito machista\"}]},{\"@type\":\"WebSite\",\"@id\":\"https:\\\/\\\/dossies.agenciapatriciagalvao.org.br\\\/violencia-em-dados\\\/#website\",\"url\":\"https:\\\/\\\/dossies.agenciapatriciagalvao.org.br\\\/violencia-em-dados\\\/\",\"name\":\"Viol\u00eancia contra a mulher em dados\",\"description\":\"&lt;strong&gt;Viol\u00eancia contra as Mulheres em Dados&lt;\\\/strong&gt; re\u00fane pesquisas e dados recentes relacionados \u00e0s viol\u00eancias contra as mulheres no Brasil, com base no monitoramento e curadoria realizados pelo Instituto Patr\u00edcia Galv\u00e3o \u2013 com foco na viol\u00eancia dom\u00e9stica, sexual e online, no feminic\u00eddio e na intersec\u00e7\u00e3o com o racismo e a LGBT+fobia.\",\"potentialAction\":[{\"@type\":\"SearchAction\",\"target\":{\"@type\":\"EntryPoint\",\"urlTemplate\":\"https:\\\/\\\/dossies.agenciapatriciagalvao.org.br\\\/violencia-em-dados\\\/?s={search_term_string}\"},\"query-input\":{\"@type\":\"PropertyValueSpecification\",\"valueRequired\":true,\"valueName\":\"search_term_string\"}}],\"inLanguage\":\"pt-BR\"},{\"@type\":\"Person\",\"@id\":\"https:\\\/\\\/dossies.agenciapatriciagalvao.org.br\\\/violencia-em-dados\\\/#\\\/schema\\\/person\\\/72dbf330ed24be2b2270d3da0241f6aa\",\"name\":\"juliacruz\",\"image\":{\"@type\":\"ImageObject\",\"inLanguage\":\"pt-BR\",\"@id\":\"https:\\\/\\\/secure.gravatar.com\\\/avatar\\\/00df412823e6d91264abbbcf624ccd251bfcb86175b0588b296a475ea3cb0169?s=96&d=mm&r=g\",\"url\":\"https:\\\/\\\/secure.gravatar.com\\\/avatar\\\/00df412823e6d91264abbbcf624ccd251bfcb86175b0588b296a475ea3cb0169?s=96&d=mm&r=g\",\"contentUrl\":\"https:\\\/\\\/secure.gravatar.com\\\/avatar\\\/00df412823e6d91264abbbcf624ccd251bfcb86175b0588b296a475ea3cb0169?s=96&d=mm&r=g\",\"caption\":\"juliacruz\"},\"url\":\"https:\\\/\\\/dossies.agenciapatriciagalvao.org.br\\\/violencia-em-dados\\\/author\\\/juliacruz\\\/\"}]}<\/script>\n<!-- \/ Yoast SEO plugin. -->","yoast_head_json":{"title":"62% das brasileiras consideram o Brasil um pa\u00eds muito machista - Viol\u00eancia contra a mulher em dados","robots":{"index":"index","follow":"follow","max-snippet":"max-snippet:-1","max-image-preview":"max-image-preview:large","max-video-preview":"max-video-preview:-1"},"canonical":"https:\/\/dossies.agenciapatriciagalvao.org.br\/violencia-em-dados\/62-das-brasileiras-consideram-o-brasil-um-pais-muito-machista\/","og_locale":"pt_BR","og_type":"article","og_title":"62% das brasileiras consideram o Brasil um pa\u00eds muito machista - Viol\u00eancia contra a mulher em dados","og_description":"A 10\u00aa edi\u00e7\u00e3o da Pesquisa Nacional de Viol\u00eancia Contra a Mulher, que pela primeira vez inclui dados por estado sobre as experi\u00eancias e percep\u00e7\u00f5es das mulheres brasileiras em rela\u00e7\u00e3o \u00e0s diversas formas de viol\u00eancia, revela que as mulheres brasileiras consideram o Brasil um pa\u00eds muito machista e que mais da metade das brasileiras (52%) apontam [&hellip;]","og_url":"https:\/\/dossies.agenciapatriciagalvao.org.br\/violencia-em-dados\/62-das-brasileiras-consideram-o-brasil-um-pais-muito-machista\/","og_site_name":"Viol\u00eancia contra a mulher em dados","article_published_time":"2024-03-08T17:26:58+00:00","article_modified_time":"2024-03-12T18:46:17+00:00","og_image":[{"width":457,"height":507,"url":"https:\/\/assets-dossies-ipg-v2.nyc3.digitaloceanspaces.com\/sites\/5\/2024\/03\/62-das-brasileiras-consideram-o-Brasil-um-pais-muito-machista.png","type":"image\/png"}],"author":"juliacruz","twitter_card":"summary_large_image","twitter_misc":{"Escrito por":"juliacruz","Est. tempo de leitura":"1 minuto"},"schema":{"@context":"https:\/\/schema.org","@graph":[{"@type":"Article","@id":"https:\/\/dossies.agenciapatriciagalvao.org.br\/violencia-em-dados\/62-das-brasileiras-consideram-o-brasil-um-pais-muito-machista\/#article","isPartOf":{"@id":"https:\/\/dossies.agenciapatriciagalvao.org.br\/violencia-em-dados\/62-das-brasileiras-consideram-o-brasil-um-pais-muito-machista\/"},"author":{"name":"juliacruz","@id":"https:\/\/dossies.agenciapatriciagalvao.org.br\/violencia-em-dados\/#\/schema\/person\/72dbf330ed24be2b2270d3da0241f6aa"},"headline":"62% das brasileiras consideram o Brasil um pa\u00eds muito machista","datePublished":"2024-03-08T17:26:58+00:00","dateModified":"2024-03-12T18:46:17+00:00","mainEntityOfPage":{"@id":"https:\/\/dossies.agenciapatriciagalvao.org.br\/violencia-em-dados\/62-das-brasileiras-consideram-o-brasil-um-pais-muito-machista\/"},"wordCount":129,"image":{"@id":"https:\/\/dossies.agenciapatriciagalvao.org.br\/violencia-em-dados\/62-das-brasileiras-consideram-o-brasil-um-pais-muito-machista\/#primaryimage"},"thumbnailUrl":"https:\/\/assets-dossies-ipg-v2.nyc3.digitaloceanspaces.com\/sites\/5\/2024\/03\/62-das-brasileiras-consideram-o-Brasil-um-pais-muito-machista.png","keywords":["lei maria da penha","violencia contra as mulheres","violencia de genero","violencia domestica","violencia domestica e familiar","violencia familiar","violencia fisica"],"articleSection":["Cultura da viol\u00eancia e machismo","Viol\u00eancia dom\u00e9stica e familiar"],"inLanguage":"pt-BR"},{"@type":"WebPage","@id":"https:\/\/dossies.agenciapatriciagalvao.org.br\/violencia-em-dados\/62-das-brasileiras-consideram-o-brasil-um-pais-muito-machista\/","url":"https:\/\/dossies.agenciapatriciagalvao.org.br\/violencia-em-dados\/62-das-brasileiras-consideram-o-brasil-um-pais-muito-machista\/","name":"62% das brasileiras consideram o Brasil um pa\u00eds muito machista - Viol\u00eancia contra a mulher em dados","isPartOf":{"@id":"https:\/\/dossies.agenciapatriciagalvao.org.br\/violencia-em-dados\/#website"},"primaryImageOfPage":{"@id":"https:\/\/dossies.agenciapatriciagalvao.org.br\/violencia-em-dados\/62-das-brasileiras-consideram-o-brasil-um-pais-muito-machista\/#primaryimage"},"image":{"@id":"https:\/\/dossies.agenciapatriciagalvao.org.br\/violencia-em-dados\/62-das-brasileiras-consideram-o-brasil-um-pais-muito-machista\/#primaryimage"},"thumbnailUrl":"https:\/\/assets-dossies-ipg-v2.nyc3.digitaloceanspaces.com\/sites\/5\/2024\/03\/62-das-brasileiras-consideram-o-Brasil-um-pais-muito-machista.png","datePublished":"2024-03-08T17:26:58+00:00","dateModified":"2024-03-12T18:46:17+00:00","author":{"@id":"https:\/\/dossies.agenciapatriciagalvao.org.br\/violencia-em-dados\/#\/schema\/person\/72dbf330ed24be2b2270d3da0241f6aa"},"breadcrumb":{"@id":"https:\/\/dossies.agenciapatriciagalvao.org.br\/violencia-em-dados\/62-das-brasileiras-consideram-o-brasil-um-pais-muito-machista\/#breadcrumb"},"inLanguage":"pt-BR","potentialAction":[{"@type":"ReadAction","target":["https:\/\/dossies.agenciapatriciagalvao.org.br\/violencia-em-dados\/62-das-brasileiras-consideram-o-brasil-um-pais-muito-machista\/"]}]},{"@type":"ImageObject","inLanguage":"pt-BR","@id":"https:\/\/dossies.agenciapatriciagalvao.org.br\/violencia-em-dados\/62-das-brasileiras-consideram-o-brasil-um-pais-muito-machista\/#primaryimage","url":"https:\/\/assets-dossies-ipg-v2.nyc3.digitaloceanspaces.com\/sites\/5\/2024\/03\/62-das-brasileiras-consideram-o-Brasil-um-pais-muito-machista.png","contentUrl":"https:\/\/assets-dossies-ipg-v2.nyc3.digitaloceanspaces.com\/sites\/5\/2024\/03\/62-das-brasileiras-consideram-o-Brasil-um-pais-muito-machista.png","width":457,"height":507},{"@type":"BreadcrumbList","@id":"https:\/\/dossies.agenciapatriciagalvao.org.br\/violencia-em-dados\/62-das-brasileiras-consideram-o-brasil-um-pais-muito-machista\/#breadcrumb","itemListElement":[{"@type":"ListItem","position":1,"name":"Home","item":"https:\/\/dossies.agenciapatriciagalvao.org.br\/violencia-em-dados\/"},{"@type":"ListItem","position":2,"name":"62% das brasileiras consideram o Brasil um pa\u00eds muito machista"}]},{"@type":"WebSite","@id":"https:\/\/dossies.agenciapatriciagalvao.org.br\/violencia-em-dados\/#website","url":"https:\/\/dossies.agenciapatriciagalvao.org.br\/violencia-em-dados\/","name":"Viol\u00eancia contra a mulher em dados","description":"&lt;strong&gt;Viol\u00eancia contra as Mulheres em Dados&lt;\/strong&gt; re\u00fane pesquisas e dados recentes relacionados \u00e0s viol\u00eancias contra as mulheres no Brasil, com base no monitoramento e curadoria realizados pelo Instituto Patr\u00edcia Galv\u00e3o \u2013 com foco na viol\u00eancia dom\u00e9stica, sexual e online, no feminic\u00eddio e na intersec\u00e7\u00e3o com o racismo e a LGBT+fobia.","potentialAction":[{"@type":"SearchAction","target":{"@type":"EntryPoint","urlTemplate":"https:\/\/dossies.agenciapatriciagalvao.org.br\/violencia-em-dados\/?s={search_term_string}"},"query-input":{"@type":"PropertyValueSpecification","valueRequired":true,"valueName":"search_term_string"}}],"inLanguage":"pt-BR"},{"@type":"Person","@id":"https:\/\/dossies.agenciapatriciagalvao.org.br\/violencia-em-dados\/#\/schema\/person\/72dbf330ed24be2b2270d3da0241f6aa","name":"juliacruz","image":{"@type":"ImageObject","inLanguage":"pt-BR","@id":"https:\/\/secure.gravatar.com\/avatar\/00df412823e6d91264abbbcf624ccd251bfcb86175b0588b296a475ea3cb0169?s=96&d=mm&r=g","url":"https:\/\/secure.gravatar.com\/avatar\/00df412823e6d91264abbbcf624ccd251bfcb86175b0588b296a475ea3cb0169?s=96&d=mm&r=g","contentUrl":"https:\/\/secure.gravatar.com\/avatar\/00df412823e6d91264abbbcf624ccd251bfcb86175b0588b296a475ea3cb0169?s=96&d=mm&r=g","caption":"juliacruz"},"url":"https:\/\/dossies.agenciapatriciagalvao.org.br\/violencia-em-dados\/author\/juliacruz\/"}]}},"views":2627,"_links":{"self":[{"href":"https:\/\/dossies.agenciapatriciagalvao.org.br\/violencia-em-dados\/wp-json\/wp\/v2\/posts\/2528","targetHints":{"allow":["GET"]}}],"collection":[{"href":"https:\/\/dossies.agenciapatriciagalvao.org.br\/violencia-em-dados\/wp-json\/wp\/v2\/posts"}],"about":[{"href":"https:\/\/dossies.agenciapatriciagalvao.org.br\/violencia-em-dados\/wp-json\/wp\/v2\/types\/post"}],"author":[{"embeddable":true,"href":"https:\/\/dossies.agenciapatriciagalvao.org.br\/violencia-em-dados\/wp-json\/wp\/v2\/users\/18"}],"replies":[{"embeddable":true,"href":"https:\/\/dossies.agenciapatriciagalvao.org.br\/violencia-em-dados\/wp-json\/wp\/v2\/comments?post=2528"}],"version-history":[{"count":3,"href":"https:\/\/dossies.agenciapatriciagalvao.org.br\/violencia-em-dados\/wp-json\/wp\/v2\/posts\/2528\/revisions"}],"predecessor-version":[{"id":2539,"href":"https:\/\/dossies.agenciapatriciagalvao.org.br\/violencia-em-dados\/wp-json\/wp\/v2\/posts\/2528\/revisions\/2539"}],"wp:featuredmedia":[{"embeddable":true,"href":"https:\/\/dossies.agenciapatriciagalvao.org.br\/violencia-em-dados\/wp-json\/wp\/v2\/media\/2529"}],"wp:attachment":[{"href":"https:\/\/dossies.agenciapatriciagalvao.org.br\/violencia-em-dados\/wp-json\/wp\/v2\/media?parent=2528"}],"wp:term":[{"taxonomy":"category","embeddable":true,"href":"https:\/\/dossies.agenciapatriciagalvao.org.br\/violencia-em-dados\/wp-json\/wp\/v2\/categories?post=2528"},{"taxonomy":"post_tag","embeddable":true,"href":"https:\/\/dossies.agenciapatriciagalvao.org.br\/violencia-em-dados\/wp-json\/wp\/v2\/tags?post=2528"}],"curies":[{"name":"wp","href":"https:\/\/api.w.org\/{rel}","templated":true}]}}