{"id":2505,"date":"2024-01-08T14:00:47","date_gmt":"2024-01-08T17:00:47","guid":{"rendered":"https:\/\/dossies.agenciapatriciagalvao.org.br\/violencia-em-dados\/?p=2505"},"modified":"2024-01-08T14:00:47","modified_gmt":"2024-01-08T17:00:47","slug":"9-em-cada-10-mulheres-apontam-a-seguranca-como-principal-preocupacao-quando-se-deslocam-pelas-cidades","status":"publish","type":"post","link":"https:\/\/dossies.agenciapatriciagalvao.org.br\/violencia-em-dados\/9-em-cada-10-mulheres-apontam-a-seguranca-como-principal-preocupacao-quando-se-deslocam-pelas-cidades\/","title":{"rendered":"9 em cada 10 mulheres apontam a seguran\u00e7a como principal preocupa\u00e7\u00e3o quando se deslocam pelas cidades"},"content":{"rendered":"<p>A pesquisa Percep\u00e7\u00f5es e experi\u00eancias das mulheres quando se deslocam pelas cidades foi realizada pelo Instituto Patr\u00edcia Galv\u00e3o e Locomotiva, com apoio da Uber, com o objetivo de mapear h\u00e1bitos de deslocamento das mulheres e entender suas percep\u00e7\u00f5es sobre seguran\u00e7a em seus trajetos pelas cidades, as situa\u00e7\u00f5es vividas em diferentes meios de transporte e as iniciativas para contribuir para um deslocamento mais seguro. Participaram deste estudo nacional online 1.618 mulheres com 18 anos de idade ou mais, de 27 de setembro a 18 de outubro de 2023. Com margem de erro de 2,2 pontos percentuais, a pesquisa foi ponderada a partir da distribui\u00e7\u00e3o da popula\u00e7\u00e3o brasileira por regi\u00e3o, sexo e escolaridade, conforme par\u00e2metros da PNAD\/IBGE.<\/p>\n<p>&nbsp;<\/p>\n<div class=\"infogram-embed\" data-id=\"4ed1a309-35c4-4c9d-8746-9ea1ca793f30\" data-type=\"interactive\" data-title=\"9 em cada 10 mulheres apontam a seguran\u00e7a como principal preocupa\u00e7\u00e3o quando se deslocam pelas cidades\"><\/div>\n<p><script>!function(e,n,i,s){var d=\"InfogramEmbeds\";var o=e.getElementsByTagName(n)[0];if(window[d]&&window[d].initialized)window[d].process&&window[d].process();else if(!e.getElementById(i)){var r=e.createElement(n);r.async=1,r.id=i,r.src=s,o.parentNode.insertBefore(r,o)}}(document,\"script\",\"infogram-async\",\"https:\/\/e.infogram.com\/js\/dist\/embed-loader-min.js\");<\/script><\/p>\n","protected":false},"excerpt":{"rendered":"<p>A pesquisa Percep\u00e7\u00f5es e experi\u00eancias das mulheres quando se deslocam pelas cidades foi realizada pelo Instituto Patr\u00edcia Galv\u00e3o e Locomotiva, com apoio da Uber, com o objetivo de mapear h\u00e1bitos de deslocamento das mulheres e entender suas percep\u00e7\u00f5es sobre seguran\u00e7a em seus trajetos pelas cidades, as situa\u00e7\u00f5es vividas em diferentes meios de transporte e as [&hellip;]<\/p>\n","protected":false},"author":18,"featured_media":2506,"comment_status":"open","ping_status":"open","sticky":false,"template":"","format":"standard","meta":{"footnotes":""},"categories":[135,7,8],"tags":[97,169,65,18,14,57,73,28,266,15,22,53,19],"class_list":["post-2505","post","type-post","status-publish","format-standard","has-post-thumbnail","hentry","category-cultura-da-violencia-e-machismo","category-violencia-e-racismo","category-violencia-sexual","tag-assedio","tag-assedio-no-transporte","tag-assedio-sexual","tag-estupro","tag-genero-e-raca","tag-instituto-patricia-galvao","tag-mulheres-negras","tag-violencia-contra-as-mulheres","tag-violencia-contra-as-mulheres-em-seus-deslocamentoss","tag-violencia-contra-mulheres-negras","tag-violencia-de-genero","tag-violencia-fisica","tag-violencia-sexual"],"yoast_head":"<!-- This site is optimized with the Yoast SEO plugin v27.4 - https:\/\/yoast.com\/product\/yoast-seo-wordpress\/ -->\n<title>9 em cada 10 mulheres apontam a seguran\u00e7a como principal preocupa\u00e7\u00e3o quando se deslocam pelas cidades - Viol\u00eancia contra a mulher em dados<\/title>\n<meta name=\"robots\" content=\"index, follow, max-snippet:-1, max-image-preview:large, max-video-preview:-1\" \/>\n<link rel=\"canonical\" href=\"https:\/\/dossies.agenciapatriciagalvao.org.br\/violencia-em-dados\/9-em-cada-10-mulheres-apontam-a-seguranca-como-principal-preocupacao-quando-se-deslocam-pelas-cidades\/\" \/>\n<meta property=\"og:locale\" content=\"pt_BR\" \/>\n<meta property=\"og:type\" content=\"article\" \/>\n<meta property=\"og:title\" content=\"9 em cada 10 mulheres apontam a seguran\u00e7a como principal preocupa\u00e7\u00e3o quando se deslocam pelas cidades - Viol\u00eancia contra a mulher em dados\" \/>\n<meta property=\"og:description\" content=\"A pesquisa Percep\u00e7\u00f5es e experi\u00eancias das mulheres quando se deslocam pelas cidades foi realizada pelo Instituto Patr\u00edcia Galv\u00e3o e Locomotiva, com apoio da Uber, com o objetivo de mapear h\u00e1bitos de deslocamento das mulheres e entender suas percep\u00e7\u00f5es sobre seguran\u00e7a em seus trajetos pelas cidades, as situa\u00e7\u00f5es vividas em diferentes meios de transporte e as [&hellip;]\" \/>\n<meta property=\"og:url\" content=\"https:\/\/dossies.agenciapatriciagalvao.org.br\/violencia-em-dados\/9-em-cada-10-mulheres-apontam-a-seguranca-como-principal-preocupacao-quando-se-deslocam-pelas-cidades\/\" \/>\n<meta property=\"og:site_name\" content=\"Viol\u00eancia contra a mulher em dados\" \/>\n<meta property=\"article:published_time\" content=\"2024-01-08T17:00:47+00:00\" \/>\n<meta property=\"og:image\" content=\"https:\/\/assets-dossies-ipg-v2.nyc3.digitaloceanspaces.com\/sites\/5\/2024\/01\/9-em-cada-10-mulheres-apontam-seguranca-como-principal-preocupacao-qundo-se-deslocam-pelas-cidades.png\" \/>\n\t<meta property=\"og:image:width\" content=\"684\" \/>\n\t<meta property=\"og:image:height\" content=\"467\" \/>\n\t<meta property=\"og:image:type\" content=\"image\/png\" \/>\n<meta name=\"author\" content=\"juliacruz\" \/>\n<meta name=\"twitter:card\" content=\"summary_large_image\" \/>\n<meta name=\"twitter:label1\" content=\"Escrito por\" \/>\n\t<meta name=\"twitter:data1\" content=\"juliacruz\" \/>\n\t<meta name=\"twitter:label2\" content=\"Est. tempo de leitura\" \/>\n\t<meta name=\"twitter:data2\" content=\"1 minuto\" \/>\n<script type=\"application\/ld+json\" class=\"yoast-schema-graph\">{\"@context\":\"https:\\\/\\\/schema.org\",\"@graph\":[{\"@type\":\"Article\",\"@id\":\"https:\\\/\\\/dossies.agenciapatriciagalvao.org.br\\\/violencia-em-dados\\\/9-em-cada-10-mulheres-apontam-a-seguranca-como-principal-preocupacao-quando-se-deslocam-pelas-cidades\\\/#article\",\"isPartOf\":{\"@id\":\"https:\\\/\\\/dossies.agenciapatriciagalvao.org.br\\\/violencia-em-dados\\\/9-em-cada-10-mulheres-apontam-a-seguranca-como-principal-preocupacao-quando-se-deslocam-pelas-cidades\\\/\"},\"author\":{\"name\":\"juliacruz\",\"@id\":\"https:\\\/\\\/dossies.agenciapatriciagalvao.org.br\\\/violencia-em-dados\\\/#\\\/schema\\\/person\\\/72dbf330ed24be2b2270d3da0241f6aa\"},\"headline\":\"9 em cada 10 mulheres apontam a seguran\u00e7a como principal preocupa\u00e7\u00e3o quando se deslocam pelas cidades\",\"datePublished\":\"2024-01-08T17:00:47+00:00\",\"mainEntityOfPage\":{\"@id\":\"https:\\\/\\\/dossies.agenciapatriciagalvao.org.br\\\/violencia-em-dados\\\/9-em-cada-10-mulheres-apontam-a-seguranca-como-principal-preocupacao-quando-se-deslocam-pelas-cidades\\\/\"},\"wordCount\":139,\"commentCount\":0,\"image\":{\"@id\":\"https:\\\/\\\/dossies.agenciapatriciagalvao.org.br\\\/violencia-em-dados\\\/9-em-cada-10-mulheres-apontam-a-seguranca-como-principal-preocupacao-quando-se-deslocam-pelas-cidades\\\/#primaryimage\"},\"thumbnailUrl\":\"https:\\\/\\\/assets-dossies-ipg-v2.nyc3.digitaloceanspaces.com\\\/sites\\\/5\\\/2024\\\/01\\\/9-em-cada-10-mulheres-apontam-seguranca-como-principal-preocupacao-qundo-se-deslocam-pelas-cidades.png\",\"keywords\":[\"assedio\",\"assedio no transporte\",\"assedio sexual\",\"estupro\",\"genero e raca\",\"instituto patricia galvao\",\"mulheres negras\",\"violencia contra as mulheres\",\"viol\u00eancia contra as mulheres em seus deslocamentoss\",\"violencia contra mulheres negras\",\"violencia de genero\",\"violencia fisica\",\"violencia sexual\"],\"articleSection\":[\"Cultura da viol\u00eancia e machismo\",\"Viol\u00eancia e racismo\",\"Viol\u00eancia sexual\"],\"inLanguage\":\"pt-BR\"},{\"@type\":\"WebPage\",\"@id\":\"https:\\\/\\\/dossies.agenciapatriciagalvao.org.br\\\/violencia-em-dados\\\/9-em-cada-10-mulheres-apontam-a-seguranca-como-principal-preocupacao-quando-se-deslocam-pelas-cidades\\\/\",\"url\":\"https:\\\/\\\/dossies.agenciapatriciagalvao.org.br\\\/violencia-em-dados\\\/9-em-cada-10-mulheres-apontam-a-seguranca-como-principal-preocupacao-quando-se-deslocam-pelas-cidades\\\/\",\"name\":\"9 em cada 10 mulheres apontam a seguran\u00e7a como principal preocupa\u00e7\u00e3o quando se deslocam pelas cidades - Viol\u00eancia contra a mulher em dados\",\"isPartOf\":{\"@id\":\"https:\\\/\\\/dossies.agenciapatriciagalvao.org.br\\\/violencia-em-dados\\\/#website\"},\"primaryImageOfPage\":{\"@id\":\"https:\\\/\\\/dossies.agenciapatriciagalvao.org.br\\\/violencia-em-dados\\\/9-em-cada-10-mulheres-apontam-a-seguranca-como-principal-preocupacao-quando-se-deslocam-pelas-cidades\\\/#primaryimage\"},\"image\":{\"@id\":\"https:\\\/\\\/dossies.agenciapatriciagalvao.org.br\\\/violencia-em-dados\\\/9-em-cada-10-mulheres-apontam-a-seguranca-como-principal-preocupacao-quando-se-deslocam-pelas-cidades\\\/#primaryimage\"},\"thumbnailUrl\":\"https:\\\/\\\/assets-dossies-ipg-v2.nyc3.digitaloceanspaces.com\\\/sites\\\/5\\\/2024\\\/01\\\/9-em-cada-10-mulheres-apontam-seguranca-como-principal-preocupacao-qundo-se-deslocam-pelas-cidades.png\",\"datePublished\":\"2024-01-08T17:00:47+00:00\",\"author\":{\"@id\":\"https:\\\/\\\/dossies.agenciapatriciagalvao.org.br\\\/violencia-em-dados\\\/#\\\/schema\\\/person\\\/72dbf330ed24be2b2270d3da0241f6aa\"},\"breadcrumb\":{\"@id\":\"https:\\\/\\\/dossies.agenciapatriciagalvao.org.br\\\/violencia-em-dados\\\/9-em-cada-10-mulheres-apontam-a-seguranca-como-principal-preocupacao-quando-se-deslocam-pelas-cidades\\\/#breadcrumb\"},\"inLanguage\":\"pt-BR\",\"potentialAction\":[{\"@type\":\"ReadAction\",\"target\":[\"https:\\\/\\\/dossies.agenciapatriciagalvao.org.br\\\/violencia-em-dados\\\/9-em-cada-10-mulheres-apontam-a-seguranca-como-principal-preocupacao-quando-se-deslocam-pelas-cidades\\\/\"]}]},{\"@type\":\"ImageObject\",\"inLanguage\":\"pt-BR\",\"@id\":\"https:\\\/\\\/dossies.agenciapatriciagalvao.org.br\\\/violencia-em-dados\\\/9-em-cada-10-mulheres-apontam-a-seguranca-como-principal-preocupacao-quando-se-deslocam-pelas-cidades\\\/#primaryimage\",\"url\":\"https:\\\/\\\/assets-dossies-ipg-v2.nyc3.digitaloceanspaces.com\\\/sites\\\/5\\\/2024\\\/01\\\/9-em-cada-10-mulheres-apontam-seguranca-como-principal-preocupacao-qundo-se-deslocam-pelas-cidades.png\",\"contentUrl\":\"https:\\\/\\\/assets-dossies-ipg-v2.nyc3.digitaloceanspaces.com\\\/sites\\\/5\\\/2024\\\/01\\\/9-em-cada-10-mulheres-apontam-seguranca-como-principal-preocupacao-qundo-se-deslocam-pelas-cidades.png\",\"width\":684,\"height\":467},{\"@type\":\"BreadcrumbList\",\"@id\":\"https:\\\/\\\/dossies.agenciapatriciagalvao.org.br\\\/violencia-em-dados\\\/9-em-cada-10-mulheres-apontam-a-seguranca-como-principal-preocupacao-quando-se-deslocam-pelas-cidades\\\/#breadcrumb\",\"itemListElement\":[{\"@type\":\"ListItem\",\"position\":1,\"name\":\"Home\",\"item\":\"https:\\\/\\\/dossies.agenciapatriciagalvao.org.br\\\/violencia-em-dados\\\/\"},{\"@type\":\"ListItem\",\"position\":2,\"name\":\"9 em cada 10 mulheres apontam a seguran\u00e7a como principal preocupa\u00e7\u00e3o quando se deslocam pelas cidades\"}]},{\"@type\":\"WebSite\",\"@id\":\"https:\\\/\\\/dossies.agenciapatriciagalvao.org.br\\\/violencia-em-dados\\\/#website\",\"url\":\"https:\\\/\\\/dossies.agenciapatriciagalvao.org.br\\\/violencia-em-dados\\\/\",\"name\":\"Viol\u00eancia contra a mulher em dados\",\"description\":\"&lt;strong&gt;Viol\u00eancia contra as Mulheres em Dados&lt;\\\/strong&gt; re\u00fane pesquisas e dados recentes relacionados \u00e0s viol\u00eancias contra as mulheres no Brasil, com base no monitoramento e curadoria realizados pelo Instituto Patr\u00edcia Galv\u00e3o \u2013 com foco na viol\u00eancia dom\u00e9stica, sexual e online, no feminic\u00eddio e na intersec\u00e7\u00e3o com o racismo e a LGBT+fobia.\",\"potentialAction\":[{\"@type\":\"SearchAction\",\"target\":{\"@type\":\"EntryPoint\",\"urlTemplate\":\"https:\\\/\\\/dossies.agenciapatriciagalvao.org.br\\\/violencia-em-dados\\\/?s={search_term_string}\"},\"query-input\":{\"@type\":\"PropertyValueSpecification\",\"valueRequired\":true,\"valueName\":\"search_term_string\"}}],\"inLanguage\":\"pt-BR\"},{\"@type\":\"Person\",\"@id\":\"https:\\\/\\\/dossies.agenciapatriciagalvao.org.br\\\/violencia-em-dados\\\/#\\\/schema\\\/person\\\/72dbf330ed24be2b2270d3da0241f6aa\",\"name\":\"juliacruz\",\"image\":{\"@type\":\"ImageObject\",\"inLanguage\":\"pt-BR\",\"@id\":\"https:\\\/\\\/secure.gravatar.com\\\/avatar\\\/00df412823e6d91264abbbcf624ccd251bfcb86175b0588b296a475ea3cb0169?s=96&d=mm&r=g\",\"url\":\"https:\\\/\\\/secure.gravatar.com\\\/avatar\\\/00df412823e6d91264abbbcf624ccd251bfcb86175b0588b296a475ea3cb0169?s=96&d=mm&r=g\",\"contentUrl\":\"https:\\\/\\\/secure.gravatar.com\\\/avatar\\\/00df412823e6d91264abbbcf624ccd251bfcb86175b0588b296a475ea3cb0169?s=96&d=mm&r=g\",\"caption\":\"juliacruz\"},\"url\":\"https:\\\/\\\/dossies.agenciapatriciagalvao.org.br\\\/violencia-em-dados\\\/author\\\/juliacruz\\\/\"}]}<\/script>\n<!-- \/ Yoast SEO plugin. -->","yoast_head_json":{"title":"9 em cada 10 mulheres apontam a seguran\u00e7a como principal preocupa\u00e7\u00e3o quando se deslocam pelas cidades - Viol\u00eancia contra a mulher em dados","robots":{"index":"index","follow":"follow","max-snippet":"max-snippet:-1","max-image-preview":"max-image-preview:large","max-video-preview":"max-video-preview:-1"},"canonical":"https:\/\/dossies.agenciapatriciagalvao.org.br\/violencia-em-dados\/9-em-cada-10-mulheres-apontam-a-seguranca-como-principal-preocupacao-quando-se-deslocam-pelas-cidades\/","og_locale":"pt_BR","og_type":"article","og_title":"9 em cada 10 mulheres apontam a seguran\u00e7a como principal preocupa\u00e7\u00e3o quando se deslocam pelas cidades - Viol\u00eancia contra a mulher em dados","og_description":"A pesquisa Percep\u00e7\u00f5es e experi\u00eancias das mulheres quando se deslocam pelas cidades foi realizada pelo Instituto Patr\u00edcia Galv\u00e3o e Locomotiva, com apoio da Uber, com o objetivo de mapear h\u00e1bitos de deslocamento das mulheres e entender suas percep\u00e7\u00f5es sobre seguran\u00e7a em seus trajetos pelas cidades, as situa\u00e7\u00f5es vividas em diferentes meios de transporte e as [&hellip;]","og_url":"https:\/\/dossies.agenciapatriciagalvao.org.br\/violencia-em-dados\/9-em-cada-10-mulheres-apontam-a-seguranca-como-principal-preocupacao-quando-se-deslocam-pelas-cidades\/","og_site_name":"Viol\u00eancia contra a mulher em dados","article_published_time":"2024-01-08T17:00:47+00:00","og_image":[{"width":684,"height":467,"url":"https:\/\/assets-dossies-ipg-v2.nyc3.digitaloceanspaces.com\/sites\/5\/2024\/01\/9-em-cada-10-mulheres-apontam-seguranca-como-principal-preocupacao-qundo-se-deslocam-pelas-cidades.png","type":"image\/png"}],"author":"juliacruz","twitter_card":"summary_large_image","twitter_misc":{"Escrito por":"juliacruz","Est. tempo de leitura":"1 minuto"},"schema":{"@context":"https:\/\/schema.org","@graph":[{"@type":"Article","@id":"https:\/\/dossies.agenciapatriciagalvao.org.br\/violencia-em-dados\/9-em-cada-10-mulheres-apontam-a-seguranca-como-principal-preocupacao-quando-se-deslocam-pelas-cidades\/#article","isPartOf":{"@id":"https:\/\/dossies.agenciapatriciagalvao.org.br\/violencia-em-dados\/9-em-cada-10-mulheres-apontam-a-seguranca-como-principal-preocupacao-quando-se-deslocam-pelas-cidades\/"},"author":{"name":"juliacruz","@id":"https:\/\/dossies.agenciapatriciagalvao.org.br\/violencia-em-dados\/#\/schema\/person\/72dbf330ed24be2b2270d3da0241f6aa"},"headline":"9 em cada 10 mulheres apontam a seguran\u00e7a como principal preocupa\u00e7\u00e3o quando se deslocam pelas cidades","datePublished":"2024-01-08T17:00:47+00:00","mainEntityOfPage":{"@id":"https:\/\/dossies.agenciapatriciagalvao.org.br\/violencia-em-dados\/9-em-cada-10-mulheres-apontam-a-seguranca-como-principal-preocupacao-quando-se-deslocam-pelas-cidades\/"},"wordCount":139,"commentCount":0,"image":{"@id":"https:\/\/dossies.agenciapatriciagalvao.org.br\/violencia-em-dados\/9-em-cada-10-mulheres-apontam-a-seguranca-como-principal-preocupacao-quando-se-deslocam-pelas-cidades\/#primaryimage"},"thumbnailUrl":"https:\/\/assets-dossies-ipg-v2.nyc3.digitaloceanspaces.com\/sites\/5\/2024\/01\/9-em-cada-10-mulheres-apontam-seguranca-como-principal-preocupacao-qundo-se-deslocam-pelas-cidades.png","keywords":["assedio","assedio no transporte","assedio sexual","estupro","genero e raca","instituto patricia galvao","mulheres negras","violencia contra as mulheres","viol\u00eancia contra as mulheres em seus deslocamentoss","violencia contra mulheres negras","violencia de genero","violencia fisica","violencia sexual"],"articleSection":["Cultura da viol\u00eancia e machismo","Viol\u00eancia e racismo","Viol\u00eancia sexual"],"inLanguage":"pt-BR"},{"@type":"WebPage","@id":"https:\/\/dossies.agenciapatriciagalvao.org.br\/violencia-em-dados\/9-em-cada-10-mulheres-apontam-a-seguranca-como-principal-preocupacao-quando-se-deslocam-pelas-cidades\/","url":"https:\/\/dossies.agenciapatriciagalvao.org.br\/violencia-em-dados\/9-em-cada-10-mulheres-apontam-a-seguranca-como-principal-preocupacao-quando-se-deslocam-pelas-cidades\/","name":"9 em cada 10 mulheres apontam a seguran\u00e7a como principal preocupa\u00e7\u00e3o quando se deslocam pelas cidades - Viol\u00eancia contra a mulher em dados","isPartOf":{"@id":"https:\/\/dossies.agenciapatriciagalvao.org.br\/violencia-em-dados\/#website"},"primaryImageOfPage":{"@id":"https:\/\/dossies.agenciapatriciagalvao.org.br\/violencia-em-dados\/9-em-cada-10-mulheres-apontam-a-seguranca-como-principal-preocupacao-quando-se-deslocam-pelas-cidades\/#primaryimage"},"image":{"@id":"https:\/\/dossies.agenciapatriciagalvao.org.br\/violencia-em-dados\/9-em-cada-10-mulheres-apontam-a-seguranca-como-principal-preocupacao-quando-se-deslocam-pelas-cidades\/#primaryimage"},"thumbnailUrl":"https:\/\/assets-dossies-ipg-v2.nyc3.digitaloceanspaces.com\/sites\/5\/2024\/01\/9-em-cada-10-mulheres-apontam-seguranca-como-principal-preocupacao-qundo-se-deslocam-pelas-cidades.png","datePublished":"2024-01-08T17:00:47+00:00","author":{"@id":"https:\/\/dossies.agenciapatriciagalvao.org.br\/violencia-em-dados\/#\/schema\/person\/72dbf330ed24be2b2270d3da0241f6aa"},"breadcrumb":{"@id":"https:\/\/dossies.agenciapatriciagalvao.org.br\/violencia-em-dados\/9-em-cada-10-mulheres-apontam-a-seguranca-como-principal-preocupacao-quando-se-deslocam-pelas-cidades\/#breadcrumb"},"inLanguage":"pt-BR","potentialAction":[{"@type":"ReadAction","target":["https:\/\/dossies.agenciapatriciagalvao.org.br\/violencia-em-dados\/9-em-cada-10-mulheres-apontam-a-seguranca-como-principal-preocupacao-quando-se-deslocam-pelas-cidades\/"]}]},{"@type":"ImageObject","inLanguage":"pt-BR","@id":"https:\/\/dossies.agenciapatriciagalvao.org.br\/violencia-em-dados\/9-em-cada-10-mulheres-apontam-a-seguranca-como-principal-preocupacao-quando-se-deslocam-pelas-cidades\/#primaryimage","url":"https:\/\/assets-dossies-ipg-v2.nyc3.digitaloceanspaces.com\/sites\/5\/2024\/01\/9-em-cada-10-mulheres-apontam-seguranca-como-principal-preocupacao-qundo-se-deslocam-pelas-cidades.png","contentUrl":"https:\/\/assets-dossies-ipg-v2.nyc3.digitaloceanspaces.com\/sites\/5\/2024\/01\/9-em-cada-10-mulheres-apontam-seguranca-como-principal-preocupacao-qundo-se-deslocam-pelas-cidades.png","width":684,"height":467},{"@type":"BreadcrumbList","@id":"https:\/\/dossies.agenciapatriciagalvao.org.br\/violencia-em-dados\/9-em-cada-10-mulheres-apontam-a-seguranca-como-principal-preocupacao-quando-se-deslocam-pelas-cidades\/#breadcrumb","itemListElement":[{"@type":"ListItem","position":1,"name":"Home","item":"https:\/\/dossies.agenciapatriciagalvao.org.br\/violencia-em-dados\/"},{"@type":"ListItem","position":2,"name":"9 em cada 10 mulheres apontam a seguran\u00e7a como principal preocupa\u00e7\u00e3o quando se deslocam pelas cidades"}]},{"@type":"WebSite","@id":"https:\/\/dossies.agenciapatriciagalvao.org.br\/violencia-em-dados\/#website","url":"https:\/\/dossies.agenciapatriciagalvao.org.br\/violencia-em-dados\/","name":"Viol\u00eancia contra a mulher em dados","description":"&lt;strong&gt;Viol\u00eancia contra as Mulheres em Dados&lt;\/strong&gt; re\u00fane pesquisas e dados recentes relacionados \u00e0s viol\u00eancias contra as mulheres no Brasil, com base no monitoramento e curadoria realizados pelo Instituto Patr\u00edcia Galv\u00e3o \u2013 com foco na viol\u00eancia dom\u00e9stica, sexual e online, no feminic\u00eddio e na intersec\u00e7\u00e3o com o racismo e a LGBT+fobia.","potentialAction":[{"@type":"SearchAction","target":{"@type":"EntryPoint","urlTemplate":"https:\/\/dossies.agenciapatriciagalvao.org.br\/violencia-em-dados\/?s={search_term_string}"},"query-input":{"@type":"PropertyValueSpecification","valueRequired":true,"valueName":"search_term_string"}}],"inLanguage":"pt-BR"},{"@type":"Person","@id":"https:\/\/dossies.agenciapatriciagalvao.org.br\/violencia-em-dados\/#\/schema\/person\/72dbf330ed24be2b2270d3da0241f6aa","name":"juliacruz","image":{"@type":"ImageObject","inLanguage":"pt-BR","@id":"https:\/\/secure.gravatar.com\/avatar\/00df412823e6d91264abbbcf624ccd251bfcb86175b0588b296a475ea3cb0169?s=96&d=mm&r=g","url":"https:\/\/secure.gravatar.com\/avatar\/00df412823e6d91264abbbcf624ccd251bfcb86175b0588b296a475ea3cb0169?s=96&d=mm&r=g","contentUrl":"https:\/\/secure.gravatar.com\/avatar\/00df412823e6d91264abbbcf624ccd251bfcb86175b0588b296a475ea3cb0169?s=96&d=mm&r=g","caption":"juliacruz"},"url":"https:\/\/dossies.agenciapatriciagalvao.org.br\/violencia-em-dados\/author\/juliacruz\/"}]}},"views":1794,"_links":{"self":[{"href":"https:\/\/dossies.agenciapatriciagalvao.org.br\/violencia-em-dados\/wp-json\/wp\/v2\/posts\/2505","targetHints":{"allow":["GET"]}}],"collection":[{"href":"https:\/\/dossies.agenciapatriciagalvao.org.br\/violencia-em-dados\/wp-json\/wp\/v2\/posts"}],"about":[{"href":"https:\/\/dossies.agenciapatriciagalvao.org.br\/violencia-em-dados\/wp-json\/wp\/v2\/types\/post"}],"author":[{"embeddable":true,"href":"https:\/\/dossies.agenciapatriciagalvao.org.br\/violencia-em-dados\/wp-json\/wp\/v2\/users\/18"}],"replies":[{"embeddable":true,"href":"https:\/\/dossies.agenciapatriciagalvao.org.br\/violencia-em-dados\/wp-json\/wp\/v2\/comments?post=2505"}],"version-history":[{"count":1,"href":"https:\/\/dossies.agenciapatriciagalvao.org.br\/violencia-em-dados\/wp-json\/wp\/v2\/posts\/2505\/revisions"}],"predecessor-version":[{"id":2507,"href":"https:\/\/dossies.agenciapatriciagalvao.org.br\/violencia-em-dados\/wp-json\/wp\/v2\/posts\/2505\/revisions\/2507"}],"wp:featuredmedia":[{"embeddable":true,"href":"https:\/\/dossies.agenciapatriciagalvao.org.br\/violencia-em-dados\/wp-json\/wp\/v2\/media\/2506"}],"wp:attachment":[{"href":"https:\/\/dossies.agenciapatriciagalvao.org.br\/violencia-em-dados\/wp-json\/wp\/v2\/media?parent=2505"}],"wp:term":[{"taxonomy":"category","embeddable":true,"href":"https:\/\/dossies.agenciapatriciagalvao.org.br\/violencia-em-dados\/wp-json\/wp\/v2\/categories?post=2505"},{"taxonomy":"post_tag","embeddable":true,"href":"https:\/\/dossies.agenciapatriciagalvao.org.br\/violencia-em-dados\/wp-json\/wp\/v2\/tags?post=2505"}],"curies":[{"name":"wp","href":"https:\/\/api.w.org\/{rel}","templated":true}]}}