{"id":2374,"date":"2023-03-23T14:34:15","date_gmt":"2023-03-23T17:34:15","guid":{"rendered":"https:\/\/dossies.agenciapatriciagalvao.org.br\/violencia-em-dados\/?p=2374"},"modified":"2023-03-23T14:58:07","modified_gmt":"2023-03-23T17:58:07","slug":"47-das-brasileiras-indicam-ter-sofrido-assedio-sexual","status":"publish","type":"post","link":"https:\/\/dossies.agenciapatriciagalvao.org.br\/violencia-em-dados\/47-das-brasileiras-indicam-ter-sofrido-assedio-sexual\/","title":{"rendered":"47% das brasileiras indicam ter sofrido ass\u00e9dio sexual"},"content":{"rendered":"<p>O ass\u00e9dio sexual \u00e9 uma express\u00e3o da viol\u00eancia sexual, caracterizada como manifesta\u00e7\u00e3o sensual ou sexual, alheia \u00e0 vontade da pessoa a quem se dirige. E de acordo com a pesquisa \u00a0Vis\u00edvel e invis\u00edvel: a vitimiza\u00e7\u00e3o de mulheres no Brasil, realizada pelo DataFolha e F\u00f3rum Brasileiro de Seguran\u00e7a P\u00fablica, em mar\u00e7o de 2023, o equivalente a 30 milh\u00f5es de mulheres foram assediadas sexualmente no ano de 2022.<\/p>\n<div class=\"infogram-embed\" data-id=\"880effab-d361-4bde-ae1a-762fdbfd2d80\" data-type=\"interactive\" data-title=\"47% das brasileiras indicam ter sofrido ass\u00e9dio\"><\/div>\n<p><script>!function(e,i,n,s){var t=\"InfogramEmbeds\",d=e.getElementsByTagName(\"script\")[0];if(window[t]&&window[t].initialized)window[t].process&&window[t].process();else if(!e.getElementById(n)){var o=e.createElement(\"script\");o.async=1,o.id=n,o.src=\"https:\/\/e.infogram.com\/js\/dist\/embed-loader-min.js\",d.parentNode.insertBefore(o,d)}}(document,0,\"infogram-async\");<\/script><\/p>\n","protected":false},"excerpt":{"rendered":"<p>O ass\u00e9dio sexual \u00e9 uma express\u00e3o da viol\u00eancia sexual, caracterizada como manifesta\u00e7\u00e3o sensual ou sexual, alheia \u00e0 vontade da pessoa a quem se dirige. E de acordo com a pesquisa \u00a0Vis\u00edvel e invis\u00edvel: a vitimiza\u00e7\u00e3o de mulheres no Brasil, realizada pelo DataFolha e F\u00f3rum Brasileiro de Seguran\u00e7a P\u00fablica, em mar\u00e7o de 2023, o equivalente a [&hellip;]<\/p>\n","protected":false},"author":17,"featured_media":2397,"comment_status":"open","ping_status":"open","sticky":false,"template":"","format":"standard","meta":{"footnotes":""},"categories":[135,8],"tags":[65,19],"class_list":["post-2374","post","type-post","status-publish","format-standard","has-post-thumbnail","hentry","category-cultura-da-violencia-e-machismo","category-violencia-sexual","tag-assedio-sexual","tag-violencia-sexual"],"yoast_head":"<!-- This site is optimized with the Yoast SEO plugin v27.4 - https:\/\/yoast.com\/product\/yoast-seo-wordpress\/ -->\n<title>47% das brasileiras indicam ter sofrido ass\u00e9dio sexual - Viol\u00eancia contra a mulher em dados<\/title>\n<meta name=\"robots\" content=\"index, follow, max-snippet:-1, max-image-preview:large, max-video-preview:-1\" \/>\n<link rel=\"canonical\" href=\"https:\/\/dossies.agenciapatriciagalvao.org.br\/violencia-em-dados\/47-das-brasileiras-indicam-ter-sofrido-assedio-sexual\/\" \/>\n<meta property=\"og:locale\" content=\"pt_BR\" \/>\n<meta property=\"og:type\" content=\"article\" \/>\n<meta property=\"og:title\" content=\"47% das brasileiras indicam ter sofrido ass\u00e9dio sexual - Viol\u00eancia contra a mulher em dados\" \/>\n<meta property=\"og:description\" content=\"O ass\u00e9dio sexual \u00e9 uma express\u00e3o da viol\u00eancia sexual, caracterizada como manifesta\u00e7\u00e3o sensual ou sexual, alheia \u00e0 vontade da pessoa a quem se dirige. E de acordo com a pesquisa \u00a0Vis\u00edvel e invis\u00edvel: a vitimiza\u00e7\u00e3o de mulheres no Brasil, realizada pelo DataFolha e F\u00f3rum Brasileiro de Seguran\u00e7a P\u00fablica, em mar\u00e7o de 2023, o equivalente a [&hellip;]\" \/>\n<meta property=\"og:url\" content=\"https:\/\/dossies.agenciapatriciagalvao.org.br\/violencia-em-dados\/47-das-brasileiras-indicam-ter-sofrido-assedio-sexual\/\" \/>\n<meta property=\"og:site_name\" content=\"Viol\u00eancia contra a mulher em dados\" \/>\n<meta property=\"article:published_time\" content=\"2023-03-23T17:34:15+00:00\" \/>\n<meta property=\"article:modified_time\" content=\"2023-03-23T17:58:07+00:00\" \/>\n<meta property=\"og:image\" content=\"https:\/\/assets-dossies-ipg-v2.nyc3.digitaloceanspaces.com\/sites\/5\/2023\/03\/Captura-de-tela-2023-03-23-143357.png\" \/>\n\t<meta property=\"og:image:width\" content=\"410\" \/>\n\t<meta property=\"og:image:height\" content=\"408\" \/>\n\t<meta property=\"og:image:type\" content=\"image\/png\" \/>\n<meta name=\"author\" content=\"juliana\" \/>\n<meta name=\"twitter:card\" content=\"summary_large_image\" \/>\n<meta name=\"twitter:label1\" content=\"Escrito por\" \/>\n\t<meta name=\"twitter:data1\" content=\"juliana\" \/>\n\t<meta name=\"twitter:label2\" content=\"Est. tempo de leitura\" \/>\n\t<meta name=\"twitter:data2\" content=\"1 minuto\" \/>\n<script type=\"application\/ld+json\" class=\"yoast-schema-graph\">{\"@context\":\"https:\\\/\\\/schema.org\",\"@graph\":[{\"@type\":\"Article\",\"@id\":\"https:\\\/\\\/dossies.agenciapatriciagalvao.org.br\\\/violencia-em-dados\\\/47-das-brasileiras-indicam-ter-sofrido-assedio-sexual\\\/#article\",\"isPartOf\":{\"@id\":\"https:\\\/\\\/dossies.agenciapatriciagalvao.org.br\\\/violencia-em-dados\\\/47-das-brasileiras-indicam-ter-sofrido-assedio-sexual\\\/\"},\"author\":{\"name\":\"juliana\",\"@id\":\"https:\\\/\\\/dossies.agenciapatriciagalvao.org.br\\\/violencia-em-dados\\\/#\\\/schema\\\/person\\\/6a352eedcfd87b58fd4941a3349e7aaa\"},\"headline\":\"47% das brasileiras indicam ter sofrido ass\u00e9dio sexual\",\"datePublished\":\"2023-03-23T17:34:15+00:00\",\"dateModified\":\"2023-03-23T17:58:07+00:00\",\"mainEntityOfPage\":{\"@id\":\"https:\\\/\\\/dossies.agenciapatriciagalvao.org.br\\\/violencia-em-dados\\\/47-das-brasileiras-indicam-ter-sofrido-assedio-sexual\\\/\"},\"wordCount\":81,\"commentCount\":1,\"image\":{\"@id\":\"https:\\\/\\\/dossies.agenciapatriciagalvao.org.br\\\/violencia-em-dados\\\/47-das-brasileiras-indicam-ter-sofrido-assedio-sexual\\\/#primaryimage\"},\"thumbnailUrl\":\"https:\\\/\\\/assets-dossies-ipg-v2.nyc3.digitaloceanspaces.com\\\/sites\\\/5\\\/2023\\\/03\\\/Captura-de-tela-2023-03-23-143357.png\",\"keywords\":[\"assedio sexual\",\"violencia sexual\"],\"articleSection\":[\"Cultura da viol\u00eancia e machismo\",\"Viol\u00eancia sexual\"],\"inLanguage\":\"pt-BR\"},{\"@type\":\"WebPage\",\"@id\":\"https:\\\/\\\/dossies.agenciapatriciagalvao.org.br\\\/violencia-em-dados\\\/47-das-brasileiras-indicam-ter-sofrido-assedio-sexual\\\/\",\"url\":\"https:\\\/\\\/dossies.agenciapatriciagalvao.org.br\\\/violencia-em-dados\\\/47-das-brasileiras-indicam-ter-sofrido-assedio-sexual\\\/\",\"name\":\"47% das brasileiras indicam ter sofrido ass\u00e9dio sexual - Viol\u00eancia contra a mulher em dados\",\"isPartOf\":{\"@id\":\"https:\\\/\\\/dossies.agenciapatriciagalvao.org.br\\\/violencia-em-dados\\\/#website\"},\"primaryImageOfPage\":{\"@id\":\"https:\\\/\\\/dossies.agenciapatriciagalvao.org.br\\\/violencia-em-dados\\\/47-das-brasileiras-indicam-ter-sofrido-assedio-sexual\\\/#primaryimage\"},\"image\":{\"@id\":\"https:\\\/\\\/dossies.agenciapatriciagalvao.org.br\\\/violencia-em-dados\\\/47-das-brasileiras-indicam-ter-sofrido-assedio-sexual\\\/#primaryimage\"},\"thumbnailUrl\":\"https:\\\/\\\/assets-dossies-ipg-v2.nyc3.digitaloceanspaces.com\\\/sites\\\/5\\\/2023\\\/03\\\/Captura-de-tela-2023-03-23-143357.png\",\"datePublished\":\"2023-03-23T17:34:15+00:00\",\"dateModified\":\"2023-03-23T17:58:07+00:00\",\"author\":{\"@id\":\"https:\\\/\\\/dossies.agenciapatriciagalvao.org.br\\\/violencia-em-dados\\\/#\\\/schema\\\/person\\\/6a352eedcfd87b58fd4941a3349e7aaa\"},\"breadcrumb\":{\"@id\":\"https:\\\/\\\/dossies.agenciapatriciagalvao.org.br\\\/violencia-em-dados\\\/47-das-brasileiras-indicam-ter-sofrido-assedio-sexual\\\/#breadcrumb\"},\"inLanguage\":\"pt-BR\",\"potentialAction\":[{\"@type\":\"ReadAction\",\"target\":[\"https:\\\/\\\/dossies.agenciapatriciagalvao.org.br\\\/violencia-em-dados\\\/47-das-brasileiras-indicam-ter-sofrido-assedio-sexual\\\/\"]}]},{\"@type\":\"ImageObject\",\"inLanguage\":\"pt-BR\",\"@id\":\"https:\\\/\\\/dossies.agenciapatriciagalvao.org.br\\\/violencia-em-dados\\\/47-das-brasileiras-indicam-ter-sofrido-assedio-sexual\\\/#primaryimage\",\"url\":\"https:\\\/\\\/assets-dossies-ipg-v2.nyc3.digitaloceanspaces.com\\\/sites\\\/5\\\/2023\\\/03\\\/Captura-de-tela-2023-03-23-143357.png\",\"contentUrl\":\"https:\\\/\\\/assets-dossies-ipg-v2.nyc3.digitaloceanspaces.com\\\/sites\\\/5\\\/2023\\\/03\\\/Captura-de-tela-2023-03-23-143357.png\",\"width\":410,\"height\":408},{\"@type\":\"BreadcrumbList\",\"@id\":\"https:\\\/\\\/dossies.agenciapatriciagalvao.org.br\\\/violencia-em-dados\\\/47-das-brasileiras-indicam-ter-sofrido-assedio-sexual\\\/#breadcrumb\",\"itemListElement\":[{\"@type\":\"ListItem\",\"position\":1,\"name\":\"Home\",\"item\":\"https:\\\/\\\/dossies.agenciapatriciagalvao.org.br\\\/violencia-em-dados\\\/\"},{\"@type\":\"ListItem\",\"position\":2,\"name\":\"47% das brasileiras indicam ter sofrido ass\u00e9dio sexual\"}]},{\"@type\":\"WebSite\",\"@id\":\"https:\\\/\\\/dossies.agenciapatriciagalvao.org.br\\\/violencia-em-dados\\\/#website\",\"url\":\"https:\\\/\\\/dossies.agenciapatriciagalvao.org.br\\\/violencia-em-dados\\\/\",\"name\":\"Viol\u00eancia contra a mulher em dados\",\"description\":\"&lt;strong&gt;Viol\u00eancia contra as Mulheres em Dados&lt;\\\/strong&gt; re\u00fane pesquisas e dados recentes relacionados \u00e0s viol\u00eancias contra as mulheres no Brasil, com base no monitoramento e curadoria realizados pelo Instituto Patr\u00edcia Galv\u00e3o \u2013 com foco na viol\u00eancia dom\u00e9stica, sexual e online, no feminic\u00eddio e na intersec\u00e7\u00e3o com o racismo e a LGBT+fobia.\",\"potentialAction\":[{\"@type\":\"SearchAction\",\"target\":{\"@type\":\"EntryPoint\",\"urlTemplate\":\"https:\\\/\\\/dossies.agenciapatriciagalvao.org.br\\\/violencia-em-dados\\\/?s={search_term_string}\"},\"query-input\":{\"@type\":\"PropertyValueSpecification\",\"valueRequired\":true,\"valueName\":\"search_term_string\"}}],\"inLanguage\":\"pt-BR\"},{\"@type\":\"Person\",\"@id\":\"https:\\\/\\\/dossies.agenciapatriciagalvao.org.br\\\/violencia-em-dados\\\/#\\\/schema\\\/person\\\/6a352eedcfd87b58fd4941a3349e7aaa\",\"name\":\"juliana\",\"image\":{\"@type\":\"ImageObject\",\"inLanguage\":\"pt-BR\",\"@id\":\"https:\\\/\\\/secure.gravatar.com\\\/avatar\\\/53d87b1250de4d9c11862ac9931f7e9594413548736fd263e8376d165aaa8263?s=96&d=mm&r=g\",\"url\":\"https:\\\/\\\/secure.gravatar.com\\\/avatar\\\/53d87b1250de4d9c11862ac9931f7e9594413548736fd263e8376d165aaa8263?s=96&d=mm&r=g\",\"contentUrl\":\"https:\\\/\\\/secure.gravatar.com\\\/avatar\\\/53d87b1250de4d9c11862ac9931f7e9594413548736fd263e8376d165aaa8263?s=96&d=mm&r=g\",\"caption\":\"juliana\"},\"url\":\"https:\\\/\\\/dossies.agenciapatriciagalvao.org.br\\\/violencia-em-dados\\\/author\\\/juliana\\\/\"}]}<\/script>\n<!-- \/ Yoast SEO plugin. -->","yoast_head_json":{"title":"47% das brasileiras indicam ter sofrido ass\u00e9dio sexual - Viol\u00eancia contra a mulher em dados","robots":{"index":"index","follow":"follow","max-snippet":"max-snippet:-1","max-image-preview":"max-image-preview:large","max-video-preview":"max-video-preview:-1"},"canonical":"https:\/\/dossies.agenciapatriciagalvao.org.br\/violencia-em-dados\/47-das-brasileiras-indicam-ter-sofrido-assedio-sexual\/","og_locale":"pt_BR","og_type":"article","og_title":"47% das brasileiras indicam ter sofrido ass\u00e9dio sexual - Viol\u00eancia contra a mulher em dados","og_description":"O ass\u00e9dio sexual \u00e9 uma express\u00e3o da viol\u00eancia sexual, caracterizada como manifesta\u00e7\u00e3o sensual ou sexual, alheia \u00e0 vontade da pessoa a quem se dirige. E de acordo com a pesquisa \u00a0Vis\u00edvel e invis\u00edvel: a vitimiza\u00e7\u00e3o de mulheres no Brasil, realizada pelo DataFolha e F\u00f3rum Brasileiro de Seguran\u00e7a P\u00fablica, em mar\u00e7o de 2023, o equivalente a [&hellip;]","og_url":"https:\/\/dossies.agenciapatriciagalvao.org.br\/violencia-em-dados\/47-das-brasileiras-indicam-ter-sofrido-assedio-sexual\/","og_site_name":"Viol\u00eancia contra a mulher em dados","article_published_time":"2023-03-23T17:34:15+00:00","article_modified_time":"2023-03-23T17:58:07+00:00","og_image":[{"width":410,"height":408,"url":"https:\/\/assets-dossies-ipg-v2.nyc3.digitaloceanspaces.com\/sites\/5\/2023\/03\/Captura-de-tela-2023-03-23-143357.png","type":"image\/png"}],"author":"juliana","twitter_card":"summary_large_image","twitter_misc":{"Escrito por":"juliana","Est. tempo de leitura":"1 minuto"},"schema":{"@context":"https:\/\/schema.org","@graph":[{"@type":"Article","@id":"https:\/\/dossies.agenciapatriciagalvao.org.br\/violencia-em-dados\/47-das-brasileiras-indicam-ter-sofrido-assedio-sexual\/#article","isPartOf":{"@id":"https:\/\/dossies.agenciapatriciagalvao.org.br\/violencia-em-dados\/47-das-brasileiras-indicam-ter-sofrido-assedio-sexual\/"},"author":{"name":"juliana","@id":"https:\/\/dossies.agenciapatriciagalvao.org.br\/violencia-em-dados\/#\/schema\/person\/6a352eedcfd87b58fd4941a3349e7aaa"},"headline":"47% das brasileiras indicam ter sofrido ass\u00e9dio sexual","datePublished":"2023-03-23T17:34:15+00:00","dateModified":"2023-03-23T17:58:07+00:00","mainEntityOfPage":{"@id":"https:\/\/dossies.agenciapatriciagalvao.org.br\/violencia-em-dados\/47-das-brasileiras-indicam-ter-sofrido-assedio-sexual\/"},"wordCount":81,"commentCount":1,"image":{"@id":"https:\/\/dossies.agenciapatriciagalvao.org.br\/violencia-em-dados\/47-das-brasileiras-indicam-ter-sofrido-assedio-sexual\/#primaryimage"},"thumbnailUrl":"https:\/\/assets-dossies-ipg-v2.nyc3.digitaloceanspaces.com\/sites\/5\/2023\/03\/Captura-de-tela-2023-03-23-143357.png","keywords":["assedio sexual","violencia sexual"],"articleSection":["Cultura da viol\u00eancia e machismo","Viol\u00eancia sexual"],"inLanguage":"pt-BR"},{"@type":"WebPage","@id":"https:\/\/dossies.agenciapatriciagalvao.org.br\/violencia-em-dados\/47-das-brasileiras-indicam-ter-sofrido-assedio-sexual\/","url":"https:\/\/dossies.agenciapatriciagalvao.org.br\/violencia-em-dados\/47-das-brasileiras-indicam-ter-sofrido-assedio-sexual\/","name":"47% das brasileiras indicam ter sofrido ass\u00e9dio sexual - Viol\u00eancia contra a mulher em dados","isPartOf":{"@id":"https:\/\/dossies.agenciapatriciagalvao.org.br\/violencia-em-dados\/#website"},"primaryImageOfPage":{"@id":"https:\/\/dossies.agenciapatriciagalvao.org.br\/violencia-em-dados\/47-das-brasileiras-indicam-ter-sofrido-assedio-sexual\/#primaryimage"},"image":{"@id":"https:\/\/dossies.agenciapatriciagalvao.org.br\/violencia-em-dados\/47-das-brasileiras-indicam-ter-sofrido-assedio-sexual\/#primaryimage"},"thumbnailUrl":"https:\/\/assets-dossies-ipg-v2.nyc3.digitaloceanspaces.com\/sites\/5\/2023\/03\/Captura-de-tela-2023-03-23-143357.png","datePublished":"2023-03-23T17:34:15+00:00","dateModified":"2023-03-23T17:58:07+00:00","author":{"@id":"https:\/\/dossies.agenciapatriciagalvao.org.br\/violencia-em-dados\/#\/schema\/person\/6a352eedcfd87b58fd4941a3349e7aaa"},"breadcrumb":{"@id":"https:\/\/dossies.agenciapatriciagalvao.org.br\/violencia-em-dados\/47-das-brasileiras-indicam-ter-sofrido-assedio-sexual\/#breadcrumb"},"inLanguage":"pt-BR","potentialAction":[{"@type":"ReadAction","target":["https:\/\/dossies.agenciapatriciagalvao.org.br\/violencia-em-dados\/47-das-brasileiras-indicam-ter-sofrido-assedio-sexual\/"]}]},{"@type":"ImageObject","inLanguage":"pt-BR","@id":"https:\/\/dossies.agenciapatriciagalvao.org.br\/violencia-em-dados\/47-das-brasileiras-indicam-ter-sofrido-assedio-sexual\/#primaryimage","url":"https:\/\/assets-dossies-ipg-v2.nyc3.digitaloceanspaces.com\/sites\/5\/2023\/03\/Captura-de-tela-2023-03-23-143357.png","contentUrl":"https:\/\/assets-dossies-ipg-v2.nyc3.digitaloceanspaces.com\/sites\/5\/2023\/03\/Captura-de-tela-2023-03-23-143357.png","width":410,"height":408},{"@type":"BreadcrumbList","@id":"https:\/\/dossies.agenciapatriciagalvao.org.br\/violencia-em-dados\/47-das-brasileiras-indicam-ter-sofrido-assedio-sexual\/#breadcrumb","itemListElement":[{"@type":"ListItem","position":1,"name":"Home","item":"https:\/\/dossies.agenciapatriciagalvao.org.br\/violencia-em-dados\/"},{"@type":"ListItem","position":2,"name":"47% das brasileiras indicam ter sofrido ass\u00e9dio sexual"}]},{"@type":"WebSite","@id":"https:\/\/dossies.agenciapatriciagalvao.org.br\/violencia-em-dados\/#website","url":"https:\/\/dossies.agenciapatriciagalvao.org.br\/violencia-em-dados\/","name":"Viol\u00eancia contra a mulher em dados","description":"&lt;strong&gt;Viol\u00eancia contra as Mulheres em Dados&lt;\/strong&gt; re\u00fane pesquisas e dados recentes relacionados \u00e0s viol\u00eancias contra as mulheres no Brasil, com base no monitoramento e curadoria realizados pelo Instituto Patr\u00edcia Galv\u00e3o \u2013 com foco na viol\u00eancia dom\u00e9stica, sexual e online, no feminic\u00eddio e na intersec\u00e7\u00e3o com o racismo e a LGBT+fobia.","potentialAction":[{"@type":"SearchAction","target":{"@type":"EntryPoint","urlTemplate":"https:\/\/dossies.agenciapatriciagalvao.org.br\/violencia-em-dados\/?s={search_term_string}"},"query-input":{"@type":"PropertyValueSpecification","valueRequired":true,"valueName":"search_term_string"}}],"inLanguage":"pt-BR"},{"@type":"Person","@id":"https:\/\/dossies.agenciapatriciagalvao.org.br\/violencia-em-dados\/#\/schema\/person\/6a352eedcfd87b58fd4941a3349e7aaa","name":"juliana","image":{"@type":"ImageObject","inLanguage":"pt-BR","@id":"https:\/\/secure.gravatar.com\/avatar\/53d87b1250de4d9c11862ac9931f7e9594413548736fd263e8376d165aaa8263?s=96&d=mm&r=g","url":"https:\/\/secure.gravatar.com\/avatar\/53d87b1250de4d9c11862ac9931f7e9594413548736fd263e8376d165aaa8263?s=96&d=mm&r=g","contentUrl":"https:\/\/secure.gravatar.com\/avatar\/53d87b1250de4d9c11862ac9931f7e9594413548736fd263e8376d165aaa8263?s=96&d=mm&r=g","caption":"juliana"},"url":"https:\/\/dossies.agenciapatriciagalvao.org.br\/violencia-em-dados\/author\/juliana\/"}]}},"views":5048,"_links":{"self":[{"href":"https:\/\/dossies.agenciapatriciagalvao.org.br\/violencia-em-dados\/wp-json\/wp\/v2\/posts\/2374","targetHints":{"allow":["GET"]}}],"collection":[{"href":"https:\/\/dossies.agenciapatriciagalvao.org.br\/violencia-em-dados\/wp-json\/wp\/v2\/posts"}],"about":[{"href":"https:\/\/dossies.agenciapatriciagalvao.org.br\/violencia-em-dados\/wp-json\/wp\/v2\/types\/post"}],"author":[{"embeddable":true,"href":"https:\/\/dossies.agenciapatriciagalvao.org.br\/violencia-em-dados\/wp-json\/wp\/v2\/users\/17"}],"replies":[{"embeddable":true,"href":"https:\/\/dossies.agenciapatriciagalvao.org.br\/violencia-em-dados\/wp-json\/wp\/v2\/comments?post=2374"}],"version-history":[{"count":3,"href":"https:\/\/dossies.agenciapatriciagalvao.org.br\/violencia-em-dados\/wp-json\/wp\/v2\/posts\/2374\/revisions"}],"predecessor-version":[{"id":2396,"href":"https:\/\/dossies.agenciapatriciagalvao.org.br\/violencia-em-dados\/wp-json\/wp\/v2\/posts\/2374\/revisions\/2396"}],"wp:featuredmedia":[{"embeddable":true,"href":"https:\/\/dossies.agenciapatriciagalvao.org.br\/violencia-em-dados\/wp-json\/wp\/v2\/media\/2397"}],"wp:attachment":[{"href":"https:\/\/dossies.agenciapatriciagalvao.org.br\/violencia-em-dados\/wp-json\/wp\/v2\/media?parent=2374"}],"wp:term":[{"taxonomy":"category","embeddable":true,"href":"https:\/\/dossies.agenciapatriciagalvao.org.br\/violencia-em-dados\/wp-json\/wp\/v2\/categories?post=2374"},{"taxonomy":"post_tag","embeddable":true,"href":"https:\/\/dossies.agenciapatriciagalvao.org.br\/violencia-em-dados\/wp-json\/wp\/v2\/tags?post=2374"}],"curies":[{"name":"wp","href":"https:\/\/api.w.org\/{rel}","templated":true}]}}