{"id":2245,"date":"2022-12-15T16:21:15","date_gmt":"2022-12-15T19:21:15","guid":{"rendered":"https:\/\/dossies.agenciapatriciagalvao.org.br\/violencia-em-dados\/?p=2245"},"modified":"2022-12-15T17:07:38","modified_gmt":"2022-12-15T20:07:38","slug":"apenas-2-dos-cargos-de-direcao-e-gerencia-sao-ocupados-por-mulheres-negras","status":"publish","type":"post","link":"https:\/\/dossies.agenciapatriciagalvao.org.br\/violencia-em-dados\/apenas-2-dos-cargos-de-direcao-e-gerencia-sao-ocupados-por-mulheres-negras\/","title":{"rendered":"Apenas 2% dos cargos de dire\u00e7\u00e3o e ger\u00eancia s\u00e3o ocupados por mulheres negras"},"content":{"rendered":"<p>G\u00eanero e ra\u00e7a s\u00e3o fatores marcantes da precariza\u00e7\u00e3o no mundo do trabalho, como revela o levantamento Brasil: a inser\u00e7\u00e3o da popula\u00e7\u00e3o negra no mercado de trabalho, realizado pelo Dieese, em 2022. Empregabilidade, rendimento e ocupa\u00e7\u00e3o em postos desprotegidos, assim como em cargos de ger\u00eancia s\u00e3o investigados no estudo, que foi baseado nos indicadores da Pesquisa Nacional por Amostra de Domic\u00edlios Cont\u00ednua (Pnad Cont\u00ednua), elaborado pelo Instituto Brasileiro de Geografia e Estat\u00edstica (IBGE), em 2022.<\/p>\n<div class=\"infogram-embed\" data-id=\"38634797-c932-422f-8fdc-cd8ea494fda3\" data-type=\"interactive\" data-title=\"Apenas 2,1% dos cargos de dire\u00e7\u00e3o e ger\u00eancia s\u00e3o ocupados por mulheres negras\"><\/div>\n<p><script>!function(e,i,n,s){var t=\"InfogramEmbeds\",d=e.getElementsByTagName(\"script\")[0];if(window[t]&&window[t].initialized)window[t].process&&window[t].process();else if(!e.getElementById(n)){var o=e.createElement(\"script\");o.async=1,o.id=n,o.src=\"https:\/\/e.infogram.com\/js\/dist\/embed-loader-min.js\",d.parentNode.insertBefore(o,d)}}(document,0,\"infogram-async\");<\/script><\/p>\n<div style=\"padding: 8px 0; font-family: Arial!important; font-size: 13px!important; line-height: 15px!important; text-align: center; border-top: 1px solid #dadada; margin: 0 30px;\"><a style=\"color: #989898!important; text-decoration: none!important;\" href=\"https:\/\/infogram.com\/38634797-c932-422f-8fdc-cd8ea494fda3\" target=\"_blank\" rel=\"noopener\">Apenas 2,1% dos cargos de dire\u00e7\u00e3o e ger\u00eancia s\u00e3o ocupados por mulheres negras<\/a><br \/>\n<a style=\"color: #989898!important; text-decoration: none!important;\" href=\"https:\/\/infogram.com\" target=\"_blank\" rel=\"nofollow noopener\">Infogram<\/a><\/div>\n<p>&nbsp;<\/p>\n","protected":false},"excerpt":{"rendered":"<p>G\u00eanero e ra\u00e7a s\u00e3o fatores marcantes da precariza\u00e7\u00e3o no mundo do trabalho, como revela o levantamento Brasil: a inser\u00e7\u00e3o da popula\u00e7\u00e3o negra no mercado de trabalho, realizado pelo Dieese, em 2022. Empregabilidade, rendimento e ocupa\u00e7\u00e3o em postos desprotegidos, assim como em cargos de ger\u00eancia s\u00e3o investigados no estudo, que foi baseado nos indicadores da Pesquisa [&hellip;]<\/p>\n","protected":false},"author":17,"featured_media":2256,"comment_status":"open","ping_status":"open","sticky":false,"template":"","format":"standard","meta":{"footnotes":""},"categories":[135,7],"tags":[197,73,13],"class_list":["post-2245","post","type-post","status-publish","format-standard","has-post-thumbnail","hentry","category-cultura-da-violencia-e-machismo","category-violencia-e-racismo","tag-mulher-e-trabalho","tag-mulheres-negras","tag-racismo"],"yoast_head":"<!-- This site is optimized with the Yoast SEO plugin v27.4 - https:\/\/yoast.com\/product\/yoast-seo-wordpress\/ -->\n<title>Apenas 2% dos cargos de dire\u00e7\u00e3o e ger\u00eancia s\u00e3o ocupados por mulheres negras - Viol\u00eancia contra a mulher em dados<\/title>\n<meta name=\"robots\" content=\"index, follow, max-snippet:-1, max-image-preview:large, max-video-preview:-1\" \/>\n<link rel=\"canonical\" href=\"https:\/\/dossies.agenciapatriciagalvao.org.br\/violencia-em-dados\/apenas-2-dos-cargos-de-direcao-e-gerencia-sao-ocupados-por-mulheres-negras\/\" \/>\n<meta property=\"og:locale\" content=\"pt_BR\" \/>\n<meta property=\"og:type\" content=\"article\" \/>\n<meta property=\"og:title\" content=\"Apenas 2% dos cargos de dire\u00e7\u00e3o e ger\u00eancia s\u00e3o ocupados por mulheres negras - Viol\u00eancia contra a mulher em dados\" \/>\n<meta property=\"og:description\" content=\"G\u00eanero e ra\u00e7a s\u00e3o fatores marcantes da precariza\u00e7\u00e3o no mundo do trabalho, como revela o levantamento Brasil: a inser\u00e7\u00e3o da popula\u00e7\u00e3o negra no mercado de trabalho, realizado pelo Dieese, em 2022. Empregabilidade, rendimento e ocupa\u00e7\u00e3o em postos desprotegidos, assim como em cargos de ger\u00eancia s\u00e3o investigados no estudo, que foi baseado nos indicadores da Pesquisa [&hellip;]\" \/>\n<meta property=\"og:url\" content=\"https:\/\/dossies.agenciapatriciagalvao.org.br\/violencia-em-dados\/apenas-2-dos-cargos-de-direcao-e-gerencia-sao-ocupados-por-mulheres-negras\/\" \/>\n<meta property=\"og:site_name\" content=\"Viol\u00eancia contra a mulher em dados\" \/>\n<meta property=\"article:published_time\" content=\"2022-12-15T19:21:15+00:00\" \/>\n<meta property=\"article:modified_time\" content=\"2022-12-15T20:07:38+00:00\" \/>\n<meta property=\"og:image\" content=\"https:\/\/assets-dossies-ipg-v2.nyc3.digitaloceanspaces.com\/sites\/5\/2022\/12\/Capturar.jpg\" \/>\n\t<meta property=\"og:image:width\" content=\"521\" \/>\n\t<meta property=\"og:image:height\" content=\"554\" \/>\n\t<meta property=\"og:image:type\" content=\"image\/jpeg\" \/>\n<meta name=\"author\" content=\"juliana\" \/>\n<meta name=\"twitter:card\" content=\"summary_large_image\" \/>\n<meta name=\"twitter:label1\" content=\"Escrito por\" \/>\n\t<meta name=\"twitter:data1\" content=\"juliana\" \/>\n\t<meta name=\"twitter:label2\" content=\"Est. tempo de leitura\" \/>\n\t<meta name=\"twitter:data2\" content=\"1 minuto\" \/>\n<script type=\"application\/ld+json\" class=\"yoast-schema-graph\">{\"@context\":\"https:\\\/\\\/schema.org\",\"@graph\":[{\"@type\":\"Article\",\"@id\":\"https:\\\/\\\/dossies.agenciapatriciagalvao.org.br\\\/violencia-em-dados\\\/apenas-2-dos-cargos-de-direcao-e-gerencia-sao-ocupados-por-mulheres-negras\\\/#article\",\"isPartOf\":{\"@id\":\"https:\\\/\\\/dossies.agenciapatriciagalvao.org.br\\\/violencia-em-dados\\\/apenas-2-dos-cargos-de-direcao-e-gerencia-sao-ocupados-por-mulheres-negras\\\/\"},\"author\":{\"name\":\"juliana\",\"@id\":\"https:\\\/\\\/dossies.agenciapatriciagalvao.org.br\\\/violencia-em-dados\\\/#\\\/schema\\\/person\\\/6a352eedcfd87b58fd4941a3349e7aaa\"},\"headline\":\"Apenas 2% dos cargos de dire\u00e7\u00e3o e ger\u00eancia s\u00e3o ocupados por mulheres negras\",\"datePublished\":\"2022-12-15T19:21:15+00:00\",\"dateModified\":\"2022-12-15T20:07:38+00:00\",\"mainEntityOfPage\":{\"@id\":\"https:\\\/\\\/dossies.agenciapatriciagalvao.org.br\\\/violencia-em-dados\\\/apenas-2-dos-cargos-de-direcao-e-gerencia-sao-ocupados-por-mulheres-negras\\\/\"},\"wordCount\":117,\"commentCount\":0,\"image\":{\"@id\":\"https:\\\/\\\/dossies.agenciapatriciagalvao.org.br\\\/violencia-em-dados\\\/apenas-2-dos-cargos-de-direcao-e-gerencia-sao-ocupados-por-mulheres-negras\\\/#primaryimage\"},\"thumbnailUrl\":\"https:\\\/\\\/assets-dossies-ipg-v2.nyc3.digitaloceanspaces.com\\\/sites\\\/5\\\/2022\\\/12\\\/Capturar.jpg\",\"keywords\":[\"mulher e trabalho\",\"mulheres negras\",\"racismo\"],\"articleSection\":[\"Cultura da viol\u00eancia e machismo\",\"Viol\u00eancia e racismo\"],\"inLanguage\":\"pt-BR\"},{\"@type\":\"WebPage\",\"@id\":\"https:\\\/\\\/dossies.agenciapatriciagalvao.org.br\\\/violencia-em-dados\\\/apenas-2-dos-cargos-de-direcao-e-gerencia-sao-ocupados-por-mulheres-negras\\\/\",\"url\":\"https:\\\/\\\/dossies.agenciapatriciagalvao.org.br\\\/violencia-em-dados\\\/apenas-2-dos-cargos-de-direcao-e-gerencia-sao-ocupados-por-mulheres-negras\\\/\",\"name\":\"Apenas 2% dos cargos de dire\u00e7\u00e3o e ger\u00eancia s\u00e3o ocupados por mulheres negras - Viol\u00eancia contra a mulher em dados\",\"isPartOf\":{\"@id\":\"https:\\\/\\\/dossies.agenciapatriciagalvao.org.br\\\/violencia-em-dados\\\/#website\"},\"primaryImageOfPage\":{\"@id\":\"https:\\\/\\\/dossies.agenciapatriciagalvao.org.br\\\/violencia-em-dados\\\/apenas-2-dos-cargos-de-direcao-e-gerencia-sao-ocupados-por-mulheres-negras\\\/#primaryimage\"},\"image\":{\"@id\":\"https:\\\/\\\/dossies.agenciapatriciagalvao.org.br\\\/violencia-em-dados\\\/apenas-2-dos-cargos-de-direcao-e-gerencia-sao-ocupados-por-mulheres-negras\\\/#primaryimage\"},\"thumbnailUrl\":\"https:\\\/\\\/assets-dossies-ipg-v2.nyc3.digitaloceanspaces.com\\\/sites\\\/5\\\/2022\\\/12\\\/Capturar.jpg\",\"datePublished\":\"2022-12-15T19:21:15+00:00\",\"dateModified\":\"2022-12-15T20:07:38+00:00\",\"author\":{\"@id\":\"https:\\\/\\\/dossies.agenciapatriciagalvao.org.br\\\/violencia-em-dados\\\/#\\\/schema\\\/person\\\/6a352eedcfd87b58fd4941a3349e7aaa\"},\"breadcrumb\":{\"@id\":\"https:\\\/\\\/dossies.agenciapatriciagalvao.org.br\\\/violencia-em-dados\\\/apenas-2-dos-cargos-de-direcao-e-gerencia-sao-ocupados-por-mulheres-negras\\\/#breadcrumb\"},\"inLanguage\":\"pt-BR\",\"potentialAction\":[{\"@type\":\"ReadAction\",\"target\":[\"https:\\\/\\\/dossies.agenciapatriciagalvao.org.br\\\/violencia-em-dados\\\/apenas-2-dos-cargos-de-direcao-e-gerencia-sao-ocupados-por-mulheres-negras\\\/\"]}]},{\"@type\":\"ImageObject\",\"inLanguage\":\"pt-BR\",\"@id\":\"https:\\\/\\\/dossies.agenciapatriciagalvao.org.br\\\/violencia-em-dados\\\/apenas-2-dos-cargos-de-direcao-e-gerencia-sao-ocupados-por-mulheres-negras\\\/#primaryimage\",\"url\":\"https:\\\/\\\/assets-dossies-ipg-v2.nyc3.digitaloceanspaces.com\\\/sites\\\/5\\\/2022\\\/12\\\/Capturar.jpg\",\"contentUrl\":\"https:\\\/\\\/assets-dossies-ipg-v2.nyc3.digitaloceanspaces.com\\\/sites\\\/5\\\/2022\\\/12\\\/Capturar.jpg\",\"width\":521,\"height\":554},{\"@type\":\"BreadcrumbList\",\"@id\":\"https:\\\/\\\/dossies.agenciapatriciagalvao.org.br\\\/violencia-em-dados\\\/apenas-2-dos-cargos-de-direcao-e-gerencia-sao-ocupados-por-mulheres-negras\\\/#breadcrumb\",\"itemListElement\":[{\"@type\":\"ListItem\",\"position\":1,\"name\":\"Home\",\"item\":\"https:\\\/\\\/dossies.agenciapatriciagalvao.org.br\\\/violencia-em-dados\\\/\"},{\"@type\":\"ListItem\",\"position\":2,\"name\":\"Apenas 2% dos cargos de dire\u00e7\u00e3o e ger\u00eancia s\u00e3o ocupados por mulheres negras\"}]},{\"@type\":\"WebSite\",\"@id\":\"https:\\\/\\\/dossies.agenciapatriciagalvao.org.br\\\/violencia-em-dados\\\/#website\",\"url\":\"https:\\\/\\\/dossies.agenciapatriciagalvao.org.br\\\/violencia-em-dados\\\/\",\"name\":\"Viol\u00eancia contra a mulher em dados\",\"description\":\"&lt;strong&gt;Viol\u00eancia contra as Mulheres em Dados&lt;\\\/strong&gt; re\u00fane pesquisas e dados recentes relacionados \u00e0s viol\u00eancias contra as mulheres no Brasil, com base no monitoramento e curadoria realizados pelo Instituto Patr\u00edcia Galv\u00e3o \u2013 com foco na viol\u00eancia dom\u00e9stica, sexual e online, no feminic\u00eddio e na intersec\u00e7\u00e3o com o racismo e a LGBT+fobia.\",\"potentialAction\":[{\"@type\":\"SearchAction\",\"target\":{\"@type\":\"EntryPoint\",\"urlTemplate\":\"https:\\\/\\\/dossies.agenciapatriciagalvao.org.br\\\/violencia-em-dados\\\/?s={search_term_string}\"},\"query-input\":{\"@type\":\"PropertyValueSpecification\",\"valueRequired\":true,\"valueName\":\"search_term_string\"}}],\"inLanguage\":\"pt-BR\"},{\"@type\":\"Person\",\"@id\":\"https:\\\/\\\/dossies.agenciapatriciagalvao.org.br\\\/violencia-em-dados\\\/#\\\/schema\\\/person\\\/6a352eedcfd87b58fd4941a3349e7aaa\",\"name\":\"juliana\",\"image\":{\"@type\":\"ImageObject\",\"inLanguage\":\"pt-BR\",\"@id\":\"https:\\\/\\\/secure.gravatar.com\\\/avatar\\\/53d87b1250de4d9c11862ac9931f7e9594413548736fd263e8376d165aaa8263?s=96&d=mm&r=g\",\"url\":\"https:\\\/\\\/secure.gravatar.com\\\/avatar\\\/53d87b1250de4d9c11862ac9931f7e9594413548736fd263e8376d165aaa8263?s=96&d=mm&r=g\",\"contentUrl\":\"https:\\\/\\\/secure.gravatar.com\\\/avatar\\\/53d87b1250de4d9c11862ac9931f7e9594413548736fd263e8376d165aaa8263?s=96&d=mm&r=g\",\"caption\":\"juliana\"},\"url\":\"https:\\\/\\\/dossies.agenciapatriciagalvao.org.br\\\/violencia-em-dados\\\/author\\\/juliana\\\/\"}]}<\/script>\n<!-- \/ Yoast SEO plugin. -->","yoast_head_json":{"title":"Apenas 2% dos cargos de dire\u00e7\u00e3o e ger\u00eancia s\u00e3o ocupados por mulheres negras - Viol\u00eancia contra a mulher em dados","robots":{"index":"index","follow":"follow","max-snippet":"max-snippet:-1","max-image-preview":"max-image-preview:large","max-video-preview":"max-video-preview:-1"},"canonical":"https:\/\/dossies.agenciapatriciagalvao.org.br\/violencia-em-dados\/apenas-2-dos-cargos-de-direcao-e-gerencia-sao-ocupados-por-mulheres-negras\/","og_locale":"pt_BR","og_type":"article","og_title":"Apenas 2% dos cargos de dire\u00e7\u00e3o e ger\u00eancia s\u00e3o ocupados por mulheres negras - Viol\u00eancia contra a mulher em dados","og_description":"G\u00eanero e ra\u00e7a s\u00e3o fatores marcantes da precariza\u00e7\u00e3o no mundo do trabalho, como revela o levantamento Brasil: a inser\u00e7\u00e3o da popula\u00e7\u00e3o negra no mercado de trabalho, realizado pelo Dieese, em 2022. Empregabilidade, rendimento e ocupa\u00e7\u00e3o em postos desprotegidos, assim como em cargos de ger\u00eancia s\u00e3o investigados no estudo, que foi baseado nos indicadores da Pesquisa [&hellip;]","og_url":"https:\/\/dossies.agenciapatriciagalvao.org.br\/violencia-em-dados\/apenas-2-dos-cargos-de-direcao-e-gerencia-sao-ocupados-por-mulheres-negras\/","og_site_name":"Viol\u00eancia contra a mulher em dados","article_published_time":"2022-12-15T19:21:15+00:00","article_modified_time":"2022-12-15T20:07:38+00:00","og_image":[{"width":521,"height":554,"url":"https:\/\/assets-dossies-ipg-v2.nyc3.digitaloceanspaces.com\/sites\/5\/2022\/12\/Capturar.jpg","type":"image\/jpeg"}],"author":"juliana","twitter_card":"summary_large_image","twitter_misc":{"Escrito por":"juliana","Est. tempo de leitura":"1 minuto"},"schema":{"@context":"https:\/\/schema.org","@graph":[{"@type":"Article","@id":"https:\/\/dossies.agenciapatriciagalvao.org.br\/violencia-em-dados\/apenas-2-dos-cargos-de-direcao-e-gerencia-sao-ocupados-por-mulheres-negras\/#article","isPartOf":{"@id":"https:\/\/dossies.agenciapatriciagalvao.org.br\/violencia-em-dados\/apenas-2-dos-cargos-de-direcao-e-gerencia-sao-ocupados-por-mulheres-negras\/"},"author":{"name":"juliana","@id":"https:\/\/dossies.agenciapatriciagalvao.org.br\/violencia-em-dados\/#\/schema\/person\/6a352eedcfd87b58fd4941a3349e7aaa"},"headline":"Apenas 2% dos cargos de dire\u00e7\u00e3o e ger\u00eancia s\u00e3o ocupados por mulheres negras","datePublished":"2022-12-15T19:21:15+00:00","dateModified":"2022-12-15T20:07:38+00:00","mainEntityOfPage":{"@id":"https:\/\/dossies.agenciapatriciagalvao.org.br\/violencia-em-dados\/apenas-2-dos-cargos-de-direcao-e-gerencia-sao-ocupados-por-mulheres-negras\/"},"wordCount":117,"commentCount":0,"image":{"@id":"https:\/\/dossies.agenciapatriciagalvao.org.br\/violencia-em-dados\/apenas-2-dos-cargos-de-direcao-e-gerencia-sao-ocupados-por-mulheres-negras\/#primaryimage"},"thumbnailUrl":"https:\/\/assets-dossies-ipg-v2.nyc3.digitaloceanspaces.com\/sites\/5\/2022\/12\/Capturar.jpg","keywords":["mulher e trabalho","mulheres negras","racismo"],"articleSection":["Cultura da viol\u00eancia e machismo","Viol\u00eancia e racismo"],"inLanguage":"pt-BR"},{"@type":"WebPage","@id":"https:\/\/dossies.agenciapatriciagalvao.org.br\/violencia-em-dados\/apenas-2-dos-cargos-de-direcao-e-gerencia-sao-ocupados-por-mulheres-negras\/","url":"https:\/\/dossies.agenciapatriciagalvao.org.br\/violencia-em-dados\/apenas-2-dos-cargos-de-direcao-e-gerencia-sao-ocupados-por-mulheres-negras\/","name":"Apenas 2% dos cargos de dire\u00e7\u00e3o e ger\u00eancia s\u00e3o ocupados por mulheres negras - Viol\u00eancia contra a mulher em dados","isPartOf":{"@id":"https:\/\/dossies.agenciapatriciagalvao.org.br\/violencia-em-dados\/#website"},"primaryImageOfPage":{"@id":"https:\/\/dossies.agenciapatriciagalvao.org.br\/violencia-em-dados\/apenas-2-dos-cargos-de-direcao-e-gerencia-sao-ocupados-por-mulheres-negras\/#primaryimage"},"image":{"@id":"https:\/\/dossies.agenciapatriciagalvao.org.br\/violencia-em-dados\/apenas-2-dos-cargos-de-direcao-e-gerencia-sao-ocupados-por-mulheres-negras\/#primaryimage"},"thumbnailUrl":"https:\/\/assets-dossies-ipg-v2.nyc3.digitaloceanspaces.com\/sites\/5\/2022\/12\/Capturar.jpg","datePublished":"2022-12-15T19:21:15+00:00","dateModified":"2022-12-15T20:07:38+00:00","author":{"@id":"https:\/\/dossies.agenciapatriciagalvao.org.br\/violencia-em-dados\/#\/schema\/person\/6a352eedcfd87b58fd4941a3349e7aaa"},"breadcrumb":{"@id":"https:\/\/dossies.agenciapatriciagalvao.org.br\/violencia-em-dados\/apenas-2-dos-cargos-de-direcao-e-gerencia-sao-ocupados-por-mulheres-negras\/#breadcrumb"},"inLanguage":"pt-BR","potentialAction":[{"@type":"ReadAction","target":["https:\/\/dossies.agenciapatriciagalvao.org.br\/violencia-em-dados\/apenas-2-dos-cargos-de-direcao-e-gerencia-sao-ocupados-por-mulheres-negras\/"]}]},{"@type":"ImageObject","inLanguage":"pt-BR","@id":"https:\/\/dossies.agenciapatriciagalvao.org.br\/violencia-em-dados\/apenas-2-dos-cargos-de-direcao-e-gerencia-sao-ocupados-por-mulheres-negras\/#primaryimage","url":"https:\/\/assets-dossies-ipg-v2.nyc3.digitaloceanspaces.com\/sites\/5\/2022\/12\/Capturar.jpg","contentUrl":"https:\/\/assets-dossies-ipg-v2.nyc3.digitaloceanspaces.com\/sites\/5\/2022\/12\/Capturar.jpg","width":521,"height":554},{"@type":"BreadcrumbList","@id":"https:\/\/dossies.agenciapatriciagalvao.org.br\/violencia-em-dados\/apenas-2-dos-cargos-de-direcao-e-gerencia-sao-ocupados-por-mulheres-negras\/#breadcrumb","itemListElement":[{"@type":"ListItem","position":1,"name":"Home","item":"https:\/\/dossies.agenciapatriciagalvao.org.br\/violencia-em-dados\/"},{"@type":"ListItem","position":2,"name":"Apenas 2% dos cargos de dire\u00e7\u00e3o e ger\u00eancia s\u00e3o ocupados por mulheres negras"}]},{"@type":"WebSite","@id":"https:\/\/dossies.agenciapatriciagalvao.org.br\/violencia-em-dados\/#website","url":"https:\/\/dossies.agenciapatriciagalvao.org.br\/violencia-em-dados\/","name":"Viol\u00eancia contra a mulher em dados","description":"&lt;strong&gt;Viol\u00eancia contra as Mulheres em Dados&lt;\/strong&gt; re\u00fane pesquisas e dados recentes relacionados \u00e0s viol\u00eancias contra as mulheres no Brasil, com base no monitoramento e curadoria realizados pelo Instituto Patr\u00edcia Galv\u00e3o \u2013 com foco na viol\u00eancia dom\u00e9stica, sexual e online, no feminic\u00eddio e na intersec\u00e7\u00e3o com o racismo e a LGBT+fobia.","potentialAction":[{"@type":"SearchAction","target":{"@type":"EntryPoint","urlTemplate":"https:\/\/dossies.agenciapatriciagalvao.org.br\/violencia-em-dados\/?s={search_term_string}"},"query-input":{"@type":"PropertyValueSpecification","valueRequired":true,"valueName":"search_term_string"}}],"inLanguage":"pt-BR"},{"@type":"Person","@id":"https:\/\/dossies.agenciapatriciagalvao.org.br\/violencia-em-dados\/#\/schema\/person\/6a352eedcfd87b58fd4941a3349e7aaa","name":"juliana","image":{"@type":"ImageObject","inLanguage":"pt-BR","@id":"https:\/\/secure.gravatar.com\/avatar\/53d87b1250de4d9c11862ac9931f7e9594413548736fd263e8376d165aaa8263?s=96&d=mm&r=g","url":"https:\/\/secure.gravatar.com\/avatar\/53d87b1250de4d9c11862ac9931f7e9594413548736fd263e8376d165aaa8263?s=96&d=mm&r=g","contentUrl":"https:\/\/secure.gravatar.com\/avatar\/53d87b1250de4d9c11862ac9931f7e9594413548736fd263e8376d165aaa8263?s=96&d=mm&r=g","caption":"juliana"},"url":"https:\/\/dossies.agenciapatriciagalvao.org.br\/violencia-em-dados\/author\/juliana\/"}]}},"views":1725,"_links":{"self":[{"href":"https:\/\/dossies.agenciapatriciagalvao.org.br\/violencia-em-dados\/wp-json\/wp\/v2\/posts\/2245","targetHints":{"allow":["GET"]}}],"collection":[{"href":"https:\/\/dossies.agenciapatriciagalvao.org.br\/violencia-em-dados\/wp-json\/wp\/v2\/posts"}],"about":[{"href":"https:\/\/dossies.agenciapatriciagalvao.org.br\/violencia-em-dados\/wp-json\/wp\/v2\/types\/post"}],"author":[{"embeddable":true,"href":"https:\/\/dossies.agenciapatriciagalvao.org.br\/violencia-em-dados\/wp-json\/wp\/v2\/users\/17"}],"replies":[{"embeddable":true,"href":"https:\/\/dossies.agenciapatriciagalvao.org.br\/violencia-em-dados\/wp-json\/wp\/v2\/comments?post=2245"}],"version-history":[{"count":3,"href":"https:\/\/dossies.agenciapatriciagalvao.org.br\/violencia-em-dados\/wp-json\/wp\/v2\/posts\/2245\/revisions"}],"predecessor-version":[{"id":2257,"href":"https:\/\/dossies.agenciapatriciagalvao.org.br\/violencia-em-dados\/wp-json\/wp\/v2\/posts\/2245\/revisions\/2257"}],"wp:featuredmedia":[{"embeddable":true,"href":"https:\/\/dossies.agenciapatriciagalvao.org.br\/violencia-em-dados\/wp-json\/wp\/v2\/media\/2256"}],"wp:attachment":[{"href":"https:\/\/dossies.agenciapatriciagalvao.org.br\/violencia-em-dados\/wp-json\/wp\/v2\/media?parent=2245"}],"wp:term":[{"taxonomy":"category","embeddable":true,"href":"https:\/\/dossies.agenciapatriciagalvao.org.br\/violencia-em-dados\/wp-json\/wp\/v2\/categories?post=2245"},{"taxonomy":"post_tag","embeddable":true,"href":"https:\/\/dossies.agenciapatriciagalvao.org.br\/violencia-em-dados\/wp-json\/wp\/v2\/tags?post=2245"}],"curies":[{"name":"wp","href":"https:\/\/api.w.org\/{rel}","templated":true}]}}