{"id":2078,"date":"2022-08-18T15:54:47","date_gmt":"2022-08-18T18:54:47","guid":{"rendered":"https:\/\/dossies.agenciapatriciagalvao.org.br\/violencia-em-dados\/?p=2078"},"modified":"2022-08-18T15:57:07","modified_gmt":"2022-08-18T18:57:07","slug":"93-das-mulheres-negras-afirmaram-ter-sofrido-discriminacao-nas-relacoes-intra-partidarias","status":"publish","type":"post","link":"https:\/\/dossies.agenciapatriciagalvao.org.br\/violencia-em-dados\/93-das-mulheres-negras-afirmaram-ter-sofrido-discriminacao-nas-relacoes-intra-partidarias\/","title":{"rendered":"93% das mulheres negras afirmaram ter sofrido discrimina\u00e7\u00e3o nas rela\u00e7\u00f5es intra-partid\u00e1rias"},"content":{"rendered":"<p>A viol\u00eancia pol\u00edtica e institucional no \u00e2mbito partid\u00e1rio-eleitoral est\u00e1 sendo cada vez mais mensurada e as mulheres negras seguem sendo alvo de discrimina\u00e7\u00e3o, como aponta a pesquisa Mapa da Viol\u00eancia Pol\u00edtica contra Mulheres Negras no Nordeste, realizada pelo Instituto Odara, em 2022. O levantamento contabilizou 327 casos de viol\u00eancia pol\u00edtica entre 2016 e 2020, a partir de not\u00edcias de ve\u00edculos de comunica\u00e7\u00e3o. Como metodologia, o estudo adotou\u00a0 o crit\u00e9rio de entrevistas com 69 participantes da regi\u00e3o, com perfil de serem candidatas em 2018 e\/ou 2020, com pretens\u00e3o de candidatura em 2022.<\/p>\n<div class=\"infogram-embed\" data-id=\"1c7630a5-48c8-4ab0-b2e3-e4ba3c8a38ab\" data-type=\"interactive\" data-title=\"93% das mulheres negras afirmaram ter sofrido discrimina\u00e7\u00e3o nas rela\u00e7\u00e3o intra-partid\u00e1rias\"><\/div>\n<p><script>!function(e,i,n,s){var t=\"InfogramEmbeds\",d=e.getElementsByTagName(\"script\")[0];if(window[t]&&window[t].initialized)window[t].process&&window[t].process();else if(!e.getElementById(n)){var o=e.createElement(\"script\");o.async=1,o.id=n,o.src=\"https:\/\/e.infogram.com\/js\/dist\/embed-loader-min.js\",d.parentNode.insertBefore(o,d)}}(document,0,\"infogram-async\");<\/script><\/p>\n<div style=\"padding: 8px 0; font-family: Arial!important; font-size: 13px!important; line-height: 15px!important; text-align: center; border-top: 1px solid #dadada; margin: 0 30px;\"><a style=\"color: #989898!important; text-decoration: none!important;\" href=\"https:\/\/infogram.com\/1c7630a5-48c8-4ab0-b2e3-e4ba3c8a38ab\" target=\"_blank\" rel=\"noopener\">93% das mulheres negras afirmaram ter sofrido discrimina\u00e7\u00e3o nas rela\u00e7\u00e3o intra-partid\u00e1rias<\/a><br \/>\n<a style=\"color: #989898!important; text-decoration: none!important;\" href=\"https:\/\/infogram.com\" target=\"_blank\" rel=\"nofollow noopener\">Infogram<\/a><\/div>\n","protected":false},"excerpt":{"rendered":"<p>A viol\u00eancia pol\u00edtica e institucional no \u00e2mbito partid\u00e1rio-eleitoral est\u00e1 sendo cada vez mais mensurada e as mulheres negras seguem sendo alvo de discrimina\u00e7\u00e3o, como aponta a pesquisa Mapa da Viol\u00eancia Pol\u00edtica contra Mulheres Negras no Nordeste, realizada pelo Instituto Odara, em 2022. O levantamento contabilizou 327 casos de viol\u00eancia pol\u00edtica entre 2016 e 2020, a [&hellip;]<\/p>\n","protected":false},"author":17,"featured_media":2108,"comment_status":"open","ping_status":"open","sticky":false,"template":"","format":"standard","meta":{"footnotes":""},"categories":[135,7],"tags":[215,73,217,213],"class_list":["post-2078","post","type-post","status-publish","format-standard","has-post-thumbnail","hentry","category-cultura-da-violencia-e-machismo","category-violencia-e-racismo","tag-mulheres-e-politica","tag-mulheres-negras","tag-violencia-politica","tag-violencia-politica-de-genero"],"yoast_head":"<!-- This site is optimized with the Yoast SEO plugin v27.4 - https:\/\/yoast.com\/product\/yoast-seo-wordpress\/ -->\n<title>93% das mulheres negras afirmaram ter sofrido discrimina\u00e7\u00e3o nas rela\u00e7\u00f5es intra-partid\u00e1rias - Viol\u00eancia contra a mulher em dados<\/title>\n<meta name=\"robots\" content=\"index, follow, max-snippet:-1, max-image-preview:large, max-video-preview:-1\" \/>\n<link rel=\"canonical\" href=\"https:\/\/dossies.agenciapatriciagalvao.org.br\/violencia-em-dados\/93-das-mulheres-negras-afirmaram-ter-sofrido-discriminacao-nas-relacoes-intra-partidarias\/\" \/>\n<meta property=\"og:locale\" content=\"pt_BR\" \/>\n<meta property=\"og:type\" content=\"article\" \/>\n<meta property=\"og:title\" content=\"93% das mulheres negras afirmaram ter sofrido discrimina\u00e7\u00e3o nas rela\u00e7\u00f5es intra-partid\u00e1rias - Viol\u00eancia contra a mulher em dados\" \/>\n<meta property=\"og:description\" content=\"A viol\u00eancia pol\u00edtica e institucional no \u00e2mbito partid\u00e1rio-eleitoral est\u00e1 sendo cada vez mais mensurada e as mulheres negras seguem sendo alvo de discrimina\u00e7\u00e3o, como aponta a pesquisa Mapa da Viol\u00eancia Pol\u00edtica contra Mulheres Negras no Nordeste, realizada pelo Instituto Odara, em 2022. O levantamento contabilizou 327 casos de viol\u00eancia pol\u00edtica entre 2016 e 2020, a [&hellip;]\" \/>\n<meta property=\"og:url\" content=\"https:\/\/dossies.agenciapatriciagalvao.org.br\/violencia-em-dados\/93-das-mulheres-negras-afirmaram-ter-sofrido-discriminacao-nas-relacoes-intra-partidarias\/\" \/>\n<meta property=\"og:site_name\" content=\"Viol\u00eancia contra a mulher em dados\" \/>\n<meta property=\"article:published_time\" content=\"2022-08-18T18:54:47+00:00\" \/>\n<meta property=\"article:modified_time\" content=\"2022-08-18T18:57:07+00:00\" \/>\n<meta property=\"og:image\" content=\"https:\/\/assets-dossies-ipg-v2.nyc3.digitaloceanspaces.com\/sites\/5\/2022\/08\/Capturar.jpg\" \/>\n\t<meta property=\"og:image:width\" content=\"689\" \/>\n\t<meta property=\"og:image:height\" content=\"489\" \/>\n\t<meta property=\"og:image:type\" content=\"image\/jpeg\" \/>\n<meta name=\"author\" content=\"juliana\" \/>\n<meta name=\"twitter:card\" content=\"summary_large_image\" \/>\n<meta name=\"twitter:label1\" content=\"Escrito por\" \/>\n\t<meta name=\"twitter:data1\" content=\"juliana\" \/>\n\t<meta name=\"twitter:label2\" content=\"Est. tempo de leitura\" \/>\n\t<meta name=\"twitter:data2\" content=\"1 minuto\" \/>\n<script type=\"application\/ld+json\" class=\"yoast-schema-graph\">{\"@context\":\"https:\\\/\\\/schema.org\",\"@graph\":[{\"@type\":\"Article\",\"@id\":\"https:\\\/\\\/dossies.agenciapatriciagalvao.org.br\\\/violencia-em-dados\\\/93-das-mulheres-negras-afirmaram-ter-sofrido-discriminacao-nas-relacoes-intra-partidarias\\\/#article\",\"isPartOf\":{\"@id\":\"https:\\\/\\\/dossies.agenciapatriciagalvao.org.br\\\/violencia-em-dados\\\/93-das-mulheres-negras-afirmaram-ter-sofrido-discriminacao-nas-relacoes-intra-partidarias\\\/\"},\"author\":{\"name\":\"juliana\",\"@id\":\"https:\\\/\\\/dossies.agenciapatriciagalvao.org.br\\\/violencia-em-dados\\\/#\\\/schema\\\/person\\\/6a352eedcfd87b58fd4941a3349e7aaa\"},\"headline\":\"93% das mulheres negras afirmaram ter sofrido discrimina\u00e7\u00e3o nas rela\u00e7\u00f5es intra-partid\u00e1rias\",\"datePublished\":\"2022-08-18T18:54:47+00:00\",\"dateModified\":\"2022-08-18T18:57:07+00:00\",\"mainEntityOfPage\":{\"@id\":\"https:\\\/\\\/dossies.agenciapatriciagalvao.org.br\\\/violencia-em-dados\\\/93-das-mulheres-negras-afirmaram-ter-sofrido-discriminacao-nas-relacoes-intra-partidarias\\\/\"},\"wordCount\":125,\"commentCount\":0,\"image\":{\"@id\":\"https:\\\/\\\/dossies.agenciapatriciagalvao.org.br\\\/violencia-em-dados\\\/93-das-mulheres-negras-afirmaram-ter-sofrido-discriminacao-nas-relacoes-intra-partidarias\\\/#primaryimage\"},\"thumbnailUrl\":\"https:\\\/\\\/assets-dossies-ipg-v2.nyc3.digitaloceanspaces.com\\\/sites\\\/5\\\/2022\\\/08\\\/Capturar.jpg\",\"keywords\":[\"mulheres e pol\u00edtica\",\"mulheres negras\",\"viol\u00eancia pol\u00edtica\",\"viol\u00eancia pol\u00edtica de genero\"],\"articleSection\":[\"Cultura da viol\u00eancia e machismo\",\"Viol\u00eancia e racismo\"],\"inLanguage\":\"pt-BR\"},{\"@type\":\"WebPage\",\"@id\":\"https:\\\/\\\/dossies.agenciapatriciagalvao.org.br\\\/violencia-em-dados\\\/93-das-mulheres-negras-afirmaram-ter-sofrido-discriminacao-nas-relacoes-intra-partidarias\\\/\",\"url\":\"https:\\\/\\\/dossies.agenciapatriciagalvao.org.br\\\/violencia-em-dados\\\/93-das-mulheres-negras-afirmaram-ter-sofrido-discriminacao-nas-relacoes-intra-partidarias\\\/\",\"name\":\"93% das mulheres negras afirmaram ter sofrido discrimina\u00e7\u00e3o nas rela\u00e7\u00f5es intra-partid\u00e1rias - Viol\u00eancia contra a mulher em dados\",\"isPartOf\":{\"@id\":\"https:\\\/\\\/dossies.agenciapatriciagalvao.org.br\\\/violencia-em-dados\\\/#website\"},\"primaryImageOfPage\":{\"@id\":\"https:\\\/\\\/dossies.agenciapatriciagalvao.org.br\\\/violencia-em-dados\\\/93-das-mulheres-negras-afirmaram-ter-sofrido-discriminacao-nas-relacoes-intra-partidarias\\\/#primaryimage\"},\"image\":{\"@id\":\"https:\\\/\\\/dossies.agenciapatriciagalvao.org.br\\\/violencia-em-dados\\\/93-das-mulheres-negras-afirmaram-ter-sofrido-discriminacao-nas-relacoes-intra-partidarias\\\/#primaryimage\"},\"thumbnailUrl\":\"https:\\\/\\\/assets-dossies-ipg-v2.nyc3.digitaloceanspaces.com\\\/sites\\\/5\\\/2022\\\/08\\\/Capturar.jpg\",\"datePublished\":\"2022-08-18T18:54:47+00:00\",\"dateModified\":\"2022-08-18T18:57:07+00:00\",\"author\":{\"@id\":\"https:\\\/\\\/dossies.agenciapatriciagalvao.org.br\\\/violencia-em-dados\\\/#\\\/schema\\\/person\\\/6a352eedcfd87b58fd4941a3349e7aaa\"},\"breadcrumb\":{\"@id\":\"https:\\\/\\\/dossies.agenciapatriciagalvao.org.br\\\/violencia-em-dados\\\/93-das-mulheres-negras-afirmaram-ter-sofrido-discriminacao-nas-relacoes-intra-partidarias\\\/#breadcrumb\"},\"inLanguage\":\"pt-BR\",\"potentialAction\":[{\"@type\":\"ReadAction\",\"target\":[\"https:\\\/\\\/dossies.agenciapatriciagalvao.org.br\\\/violencia-em-dados\\\/93-das-mulheres-negras-afirmaram-ter-sofrido-discriminacao-nas-relacoes-intra-partidarias\\\/\"]}]},{\"@type\":\"ImageObject\",\"inLanguage\":\"pt-BR\",\"@id\":\"https:\\\/\\\/dossies.agenciapatriciagalvao.org.br\\\/violencia-em-dados\\\/93-das-mulheres-negras-afirmaram-ter-sofrido-discriminacao-nas-relacoes-intra-partidarias\\\/#primaryimage\",\"url\":\"https:\\\/\\\/assets-dossies-ipg-v2.nyc3.digitaloceanspaces.com\\\/sites\\\/5\\\/2022\\\/08\\\/Capturar.jpg\",\"contentUrl\":\"https:\\\/\\\/assets-dossies-ipg-v2.nyc3.digitaloceanspaces.com\\\/sites\\\/5\\\/2022\\\/08\\\/Capturar.jpg\",\"width\":689,\"height\":489},{\"@type\":\"BreadcrumbList\",\"@id\":\"https:\\\/\\\/dossies.agenciapatriciagalvao.org.br\\\/violencia-em-dados\\\/93-das-mulheres-negras-afirmaram-ter-sofrido-discriminacao-nas-relacoes-intra-partidarias\\\/#breadcrumb\",\"itemListElement\":[{\"@type\":\"ListItem\",\"position\":1,\"name\":\"Home\",\"item\":\"https:\\\/\\\/dossies.agenciapatriciagalvao.org.br\\\/violencia-em-dados\\\/\"},{\"@type\":\"ListItem\",\"position\":2,\"name\":\"93% das mulheres negras afirmaram ter sofrido discrimina\u00e7\u00e3o nas rela\u00e7\u00f5es intra-partid\u00e1rias\"}]},{\"@type\":\"WebSite\",\"@id\":\"https:\\\/\\\/dossies.agenciapatriciagalvao.org.br\\\/violencia-em-dados\\\/#website\",\"url\":\"https:\\\/\\\/dossies.agenciapatriciagalvao.org.br\\\/violencia-em-dados\\\/\",\"name\":\"Viol\u00eancia contra a mulher em dados\",\"description\":\"&lt;strong&gt;Viol\u00eancia contra as Mulheres em Dados&lt;\\\/strong&gt; re\u00fane pesquisas e dados recentes relacionados \u00e0s viol\u00eancias contra as mulheres no Brasil, com base no monitoramento e curadoria realizados pelo Instituto Patr\u00edcia Galv\u00e3o \u2013 com foco na viol\u00eancia dom\u00e9stica, sexual e online, no feminic\u00eddio e na intersec\u00e7\u00e3o com o racismo e a LGBT+fobia.\",\"potentialAction\":[{\"@type\":\"SearchAction\",\"target\":{\"@type\":\"EntryPoint\",\"urlTemplate\":\"https:\\\/\\\/dossies.agenciapatriciagalvao.org.br\\\/violencia-em-dados\\\/?s={search_term_string}\"},\"query-input\":{\"@type\":\"PropertyValueSpecification\",\"valueRequired\":true,\"valueName\":\"search_term_string\"}}],\"inLanguage\":\"pt-BR\"},{\"@type\":\"Person\",\"@id\":\"https:\\\/\\\/dossies.agenciapatriciagalvao.org.br\\\/violencia-em-dados\\\/#\\\/schema\\\/person\\\/6a352eedcfd87b58fd4941a3349e7aaa\",\"name\":\"juliana\",\"image\":{\"@type\":\"ImageObject\",\"inLanguage\":\"pt-BR\",\"@id\":\"https:\\\/\\\/secure.gravatar.com\\\/avatar\\\/53d87b1250de4d9c11862ac9931f7e9594413548736fd263e8376d165aaa8263?s=96&d=mm&r=g\",\"url\":\"https:\\\/\\\/secure.gravatar.com\\\/avatar\\\/53d87b1250de4d9c11862ac9931f7e9594413548736fd263e8376d165aaa8263?s=96&d=mm&r=g\",\"contentUrl\":\"https:\\\/\\\/secure.gravatar.com\\\/avatar\\\/53d87b1250de4d9c11862ac9931f7e9594413548736fd263e8376d165aaa8263?s=96&d=mm&r=g\",\"caption\":\"juliana\"},\"url\":\"https:\\\/\\\/dossies.agenciapatriciagalvao.org.br\\\/violencia-em-dados\\\/author\\\/juliana\\\/\"}]}<\/script>\n<!-- \/ Yoast SEO plugin. -->","yoast_head_json":{"title":"93% das mulheres negras afirmaram ter sofrido discrimina\u00e7\u00e3o nas rela\u00e7\u00f5es intra-partid\u00e1rias - Viol\u00eancia contra a mulher em dados","robots":{"index":"index","follow":"follow","max-snippet":"max-snippet:-1","max-image-preview":"max-image-preview:large","max-video-preview":"max-video-preview:-1"},"canonical":"https:\/\/dossies.agenciapatriciagalvao.org.br\/violencia-em-dados\/93-das-mulheres-negras-afirmaram-ter-sofrido-discriminacao-nas-relacoes-intra-partidarias\/","og_locale":"pt_BR","og_type":"article","og_title":"93% das mulheres negras afirmaram ter sofrido discrimina\u00e7\u00e3o nas rela\u00e7\u00f5es intra-partid\u00e1rias - Viol\u00eancia contra a mulher em dados","og_description":"A viol\u00eancia pol\u00edtica e institucional no \u00e2mbito partid\u00e1rio-eleitoral est\u00e1 sendo cada vez mais mensurada e as mulheres negras seguem sendo alvo de discrimina\u00e7\u00e3o, como aponta a pesquisa Mapa da Viol\u00eancia Pol\u00edtica contra Mulheres Negras no Nordeste, realizada pelo Instituto Odara, em 2022. O levantamento contabilizou 327 casos de viol\u00eancia pol\u00edtica entre 2016 e 2020, a [&hellip;]","og_url":"https:\/\/dossies.agenciapatriciagalvao.org.br\/violencia-em-dados\/93-das-mulheres-negras-afirmaram-ter-sofrido-discriminacao-nas-relacoes-intra-partidarias\/","og_site_name":"Viol\u00eancia contra a mulher em dados","article_published_time":"2022-08-18T18:54:47+00:00","article_modified_time":"2022-08-18T18:57:07+00:00","og_image":[{"width":689,"height":489,"url":"https:\/\/assets-dossies-ipg-v2.nyc3.digitaloceanspaces.com\/sites\/5\/2022\/08\/Capturar.jpg","type":"image\/jpeg"}],"author":"juliana","twitter_card":"summary_large_image","twitter_misc":{"Escrito por":"juliana","Est. tempo de leitura":"1 minuto"},"schema":{"@context":"https:\/\/schema.org","@graph":[{"@type":"Article","@id":"https:\/\/dossies.agenciapatriciagalvao.org.br\/violencia-em-dados\/93-das-mulheres-negras-afirmaram-ter-sofrido-discriminacao-nas-relacoes-intra-partidarias\/#article","isPartOf":{"@id":"https:\/\/dossies.agenciapatriciagalvao.org.br\/violencia-em-dados\/93-das-mulheres-negras-afirmaram-ter-sofrido-discriminacao-nas-relacoes-intra-partidarias\/"},"author":{"name":"juliana","@id":"https:\/\/dossies.agenciapatriciagalvao.org.br\/violencia-em-dados\/#\/schema\/person\/6a352eedcfd87b58fd4941a3349e7aaa"},"headline":"93% das mulheres negras afirmaram ter sofrido discrimina\u00e7\u00e3o nas rela\u00e7\u00f5es intra-partid\u00e1rias","datePublished":"2022-08-18T18:54:47+00:00","dateModified":"2022-08-18T18:57:07+00:00","mainEntityOfPage":{"@id":"https:\/\/dossies.agenciapatriciagalvao.org.br\/violencia-em-dados\/93-das-mulheres-negras-afirmaram-ter-sofrido-discriminacao-nas-relacoes-intra-partidarias\/"},"wordCount":125,"commentCount":0,"image":{"@id":"https:\/\/dossies.agenciapatriciagalvao.org.br\/violencia-em-dados\/93-das-mulheres-negras-afirmaram-ter-sofrido-discriminacao-nas-relacoes-intra-partidarias\/#primaryimage"},"thumbnailUrl":"https:\/\/assets-dossies-ipg-v2.nyc3.digitaloceanspaces.com\/sites\/5\/2022\/08\/Capturar.jpg","keywords":["mulheres e pol\u00edtica","mulheres negras","viol\u00eancia pol\u00edtica","viol\u00eancia pol\u00edtica de genero"],"articleSection":["Cultura da viol\u00eancia e machismo","Viol\u00eancia e racismo"],"inLanguage":"pt-BR"},{"@type":"WebPage","@id":"https:\/\/dossies.agenciapatriciagalvao.org.br\/violencia-em-dados\/93-das-mulheres-negras-afirmaram-ter-sofrido-discriminacao-nas-relacoes-intra-partidarias\/","url":"https:\/\/dossies.agenciapatriciagalvao.org.br\/violencia-em-dados\/93-das-mulheres-negras-afirmaram-ter-sofrido-discriminacao-nas-relacoes-intra-partidarias\/","name":"93% das mulheres negras afirmaram ter sofrido discrimina\u00e7\u00e3o nas rela\u00e7\u00f5es intra-partid\u00e1rias - Viol\u00eancia contra a mulher em dados","isPartOf":{"@id":"https:\/\/dossies.agenciapatriciagalvao.org.br\/violencia-em-dados\/#website"},"primaryImageOfPage":{"@id":"https:\/\/dossies.agenciapatriciagalvao.org.br\/violencia-em-dados\/93-das-mulheres-negras-afirmaram-ter-sofrido-discriminacao-nas-relacoes-intra-partidarias\/#primaryimage"},"image":{"@id":"https:\/\/dossies.agenciapatriciagalvao.org.br\/violencia-em-dados\/93-das-mulheres-negras-afirmaram-ter-sofrido-discriminacao-nas-relacoes-intra-partidarias\/#primaryimage"},"thumbnailUrl":"https:\/\/assets-dossies-ipg-v2.nyc3.digitaloceanspaces.com\/sites\/5\/2022\/08\/Capturar.jpg","datePublished":"2022-08-18T18:54:47+00:00","dateModified":"2022-08-18T18:57:07+00:00","author":{"@id":"https:\/\/dossies.agenciapatriciagalvao.org.br\/violencia-em-dados\/#\/schema\/person\/6a352eedcfd87b58fd4941a3349e7aaa"},"breadcrumb":{"@id":"https:\/\/dossies.agenciapatriciagalvao.org.br\/violencia-em-dados\/93-das-mulheres-negras-afirmaram-ter-sofrido-discriminacao-nas-relacoes-intra-partidarias\/#breadcrumb"},"inLanguage":"pt-BR","potentialAction":[{"@type":"ReadAction","target":["https:\/\/dossies.agenciapatriciagalvao.org.br\/violencia-em-dados\/93-das-mulheres-negras-afirmaram-ter-sofrido-discriminacao-nas-relacoes-intra-partidarias\/"]}]},{"@type":"ImageObject","inLanguage":"pt-BR","@id":"https:\/\/dossies.agenciapatriciagalvao.org.br\/violencia-em-dados\/93-das-mulheres-negras-afirmaram-ter-sofrido-discriminacao-nas-relacoes-intra-partidarias\/#primaryimage","url":"https:\/\/assets-dossies-ipg-v2.nyc3.digitaloceanspaces.com\/sites\/5\/2022\/08\/Capturar.jpg","contentUrl":"https:\/\/assets-dossies-ipg-v2.nyc3.digitaloceanspaces.com\/sites\/5\/2022\/08\/Capturar.jpg","width":689,"height":489},{"@type":"BreadcrumbList","@id":"https:\/\/dossies.agenciapatriciagalvao.org.br\/violencia-em-dados\/93-das-mulheres-negras-afirmaram-ter-sofrido-discriminacao-nas-relacoes-intra-partidarias\/#breadcrumb","itemListElement":[{"@type":"ListItem","position":1,"name":"Home","item":"https:\/\/dossies.agenciapatriciagalvao.org.br\/violencia-em-dados\/"},{"@type":"ListItem","position":2,"name":"93% das mulheres negras afirmaram ter sofrido discrimina\u00e7\u00e3o nas rela\u00e7\u00f5es intra-partid\u00e1rias"}]},{"@type":"WebSite","@id":"https:\/\/dossies.agenciapatriciagalvao.org.br\/violencia-em-dados\/#website","url":"https:\/\/dossies.agenciapatriciagalvao.org.br\/violencia-em-dados\/","name":"Viol\u00eancia contra a mulher em dados","description":"&lt;strong&gt;Viol\u00eancia contra as Mulheres em Dados&lt;\/strong&gt; re\u00fane pesquisas e dados recentes relacionados \u00e0s viol\u00eancias contra as mulheres no Brasil, com base no monitoramento e curadoria realizados pelo Instituto Patr\u00edcia Galv\u00e3o \u2013 com foco na viol\u00eancia dom\u00e9stica, sexual e online, no feminic\u00eddio e na intersec\u00e7\u00e3o com o racismo e a LGBT+fobia.","potentialAction":[{"@type":"SearchAction","target":{"@type":"EntryPoint","urlTemplate":"https:\/\/dossies.agenciapatriciagalvao.org.br\/violencia-em-dados\/?s={search_term_string}"},"query-input":{"@type":"PropertyValueSpecification","valueRequired":true,"valueName":"search_term_string"}}],"inLanguage":"pt-BR"},{"@type":"Person","@id":"https:\/\/dossies.agenciapatriciagalvao.org.br\/violencia-em-dados\/#\/schema\/person\/6a352eedcfd87b58fd4941a3349e7aaa","name":"juliana","image":{"@type":"ImageObject","inLanguage":"pt-BR","@id":"https:\/\/secure.gravatar.com\/avatar\/53d87b1250de4d9c11862ac9931f7e9594413548736fd263e8376d165aaa8263?s=96&d=mm&r=g","url":"https:\/\/secure.gravatar.com\/avatar\/53d87b1250de4d9c11862ac9931f7e9594413548736fd263e8376d165aaa8263?s=96&d=mm&r=g","contentUrl":"https:\/\/secure.gravatar.com\/avatar\/53d87b1250de4d9c11862ac9931f7e9594413548736fd263e8376d165aaa8263?s=96&d=mm&r=g","caption":"juliana"},"url":"https:\/\/dossies.agenciapatriciagalvao.org.br\/violencia-em-dados\/author\/juliana\/"}]}},"views":772,"_links":{"self":[{"href":"https:\/\/dossies.agenciapatriciagalvao.org.br\/violencia-em-dados\/wp-json\/wp\/v2\/posts\/2078","targetHints":{"allow":["GET"]}}],"collection":[{"href":"https:\/\/dossies.agenciapatriciagalvao.org.br\/violencia-em-dados\/wp-json\/wp\/v2\/posts"}],"about":[{"href":"https:\/\/dossies.agenciapatriciagalvao.org.br\/violencia-em-dados\/wp-json\/wp\/v2\/types\/post"}],"author":[{"embeddable":true,"href":"https:\/\/dossies.agenciapatriciagalvao.org.br\/violencia-em-dados\/wp-json\/wp\/v2\/users\/17"}],"replies":[{"embeddable":true,"href":"https:\/\/dossies.agenciapatriciagalvao.org.br\/violencia-em-dados\/wp-json\/wp\/v2\/comments?post=2078"}],"version-history":[{"count":3,"href":"https:\/\/dossies.agenciapatriciagalvao.org.br\/violencia-em-dados\/wp-json\/wp\/v2\/posts\/2078\/revisions"}],"predecessor-version":[{"id":2110,"href":"https:\/\/dossies.agenciapatriciagalvao.org.br\/violencia-em-dados\/wp-json\/wp\/v2\/posts\/2078\/revisions\/2110"}],"wp:featuredmedia":[{"embeddable":true,"href":"https:\/\/dossies.agenciapatriciagalvao.org.br\/violencia-em-dados\/wp-json\/wp\/v2\/media\/2108"}],"wp:attachment":[{"href":"https:\/\/dossies.agenciapatriciagalvao.org.br\/violencia-em-dados\/wp-json\/wp\/v2\/media?parent=2078"}],"wp:term":[{"taxonomy":"category","embeddable":true,"href":"https:\/\/dossies.agenciapatriciagalvao.org.br\/violencia-em-dados\/wp-json\/wp\/v2\/categories?post=2078"},{"taxonomy":"post_tag","embeddable":true,"href":"https:\/\/dossies.agenciapatriciagalvao.org.br\/violencia-em-dados\/wp-json\/wp\/v2\/tags?post=2078"}],"curies":[{"name":"wp","href":"https:\/\/api.w.org\/{rel}","templated":true}]}}