{"id":2017,"date":"2022-07-14T18:13:23","date_gmt":"2022-07-14T21:13:23","guid":{"rendered":"https:\/\/dossies.agenciapatriciagalvao.org.br\/violencia-em-dados\/?p=2017"},"modified":"2022-07-14T18:37:43","modified_gmt":"2022-07-14T21:37:43","slug":"1-341-casos-de-feminicidio-em-2021","status":"publish","type":"post","link":"https:\/\/dossies.agenciapatriciagalvao.org.br\/violencia-em-dados\/1-341-casos-de-feminicidio-em-2021\/","title":{"rendered":"Mais de 1.300 casos de feminic\u00eddio foram registrados em 2021"},"content":{"rendered":"<p>A maioria das mulheres v\u00edtimas de feminic\u00eddio e demais mortes violentas em 2021 eram negras, em idade adulta e foram assassinadas pelo companheiro atual ou ex dentro de casa, segundo dados do 16\u00ba Anu\u00e1rio Brasileiro de Seguran\u00e7a P\u00fablica. As armas empregadas nos feminic\u00eddios e demais mortes violentas tamb\u00e9m foram investigadas no levantamento. A pesquisa \u00e9 realizada anualmente pelo <a href=\"https:\/\/forumseguranca.org.br\/anuario-brasileiro-seguranca-publica\/\" target=\"_blank\" rel=\"noopener\"><strong>F\u00f3rum Brasileiro de Seguran\u00e7a P\u00fablica\u00a0<\/strong><\/a>e utiliza fontes oficiais dos \u00f3rg\u00e3os p\u00fablicos respons\u00e1veis.<\/p>\n<div class=\"infogram-embed\" data-id=\"b29da99e-b5b1-48a6-8560-d2eac168cbd9\" data-type=\"interactive\" data-title=\"1.341 casos de feminic\u00eddio em 2021\"><\/div>\n<p><script>!function(e,i,n,s){var t=\"InfogramEmbeds\",d=e.getElementsByTagName(\"script\")[0];if(window[t]&&window[t].initialized)window[t].process&&window[t].process();else if(!e.getElementById(n)){var o=e.createElement(\"script\");o.async=1,o.id=n,o.src=\"https:\/\/e.infogram.com\/js\/dist\/embed-loader-min.js\",d.parentNode.insertBefore(o,d)}}(document,0,\"infogram-async\");<\/script><\/p>\n<div style=\"padding: 8px 0; font-family: Arial!important; font-size: 13px!important; line-height: 15px!important; text-align: center; border-top: 1px solid #dadada; margin: 0 30px;\"><a style=\"color: #989898!important; text-decoration: none!important;\" href=\"https:\/\/infogram.com\/b29da99e-b5b1-48a6-8560-d2eac168cbd9\" target=\"_blank\" rel=\"noopener\">1.341 casos de feminic\u00eddio em 2021<\/a><br \/>\n<a style=\"color: #989898!important; text-decoration: none!important;\" href=\"https:\/\/infogram.com\" target=\"_blank\" rel=\"nofollow noopener\">Infogram<\/a><\/div>\n<p>&nbsp;<\/p>\n<p>&nbsp;<\/p>\n<p>&nbsp;<\/p>\n<p>&nbsp;<\/p>\n","protected":false},"excerpt":{"rendered":"<p>A maioria das mulheres v\u00edtimas de feminic\u00eddio e demais mortes violentas em 2021 eram negras, em idade adulta e foram assassinadas pelo companheiro atual ou ex dentro de casa, segundo dados do 16\u00ba Anu\u00e1rio Brasileiro de Seguran\u00e7a P\u00fablica. As armas empregadas nos feminic\u00eddios e demais mortes violentas tamb\u00e9m foram investigadas no levantamento. A pesquisa \u00e9 [&hellip;]<\/p>\n","protected":false},"author":17,"featured_media":2050,"comment_status":"open","ping_status":"open","sticky":false,"template":"","format":"standard","meta":{"footnotes":""},"categories":[135,4,9,7],"tags":[159,32,16,30,31,28,50,52,53,225],"class_list":["post-2017","post","type-post","status-publish","format-standard","has-post-thumbnail","hentry","category-cultura-da-violencia-e-machismo","category-feminicidio","category-violencia-domestica-e-familiar","category-violencia-e-racismo","tag-arma-de-fogo","tag-assassinato-de-mulheres","tag-assassinatos","tag-feminicidio","tag-morte-violenta-de-mulheres","tag-violencia-contra-as-mulheres","tag-violencia-domestica","tag-violencia-domestica-e-familiar","tag-violencia-fisica","tag-violencia-letal"],"yoast_head":"<!-- This site is optimized with the Yoast SEO plugin v27.4 - https:\/\/yoast.com\/product\/yoast-seo-wordpress\/ -->\n<title>Mais de 1.300 casos de feminic\u00eddio foram registrados em 2021 - Viol\u00eancia contra a mulher em dados<\/title>\n<meta name=\"robots\" content=\"index, follow, max-snippet:-1, max-image-preview:large, max-video-preview:-1\" \/>\n<link rel=\"canonical\" href=\"https:\/\/dossies.agenciapatriciagalvao.org.br\/violencia-em-dados\/1-341-casos-de-feminicidio-em-2021\/\" \/>\n<meta property=\"og:locale\" content=\"pt_BR\" \/>\n<meta property=\"og:type\" content=\"article\" \/>\n<meta property=\"og:title\" content=\"Mais de 1.300 casos de feminic\u00eddio foram registrados em 2021 - Viol\u00eancia contra a mulher em dados\" \/>\n<meta property=\"og:description\" content=\"A maioria das mulheres v\u00edtimas de feminic\u00eddio e demais mortes violentas em 2021 eram negras, em idade adulta e foram assassinadas pelo companheiro atual ou ex dentro de casa, segundo dados do 16\u00ba Anu\u00e1rio Brasileiro de Seguran\u00e7a P\u00fablica. As armas empregadas nos feminic\u00eddios e demais mortes violentas tamb\u00e9m foram investigadas no levantamento. A pesquisa \u00e9 [&hellip;]\" \/>\n<meta property=\"og:url\" content=\"https:\/\/dossies.agenciapatriciagalvao.org.br\/violencia-em-dados\/1-341-casos-de-feminicidio-em-2021\/\" \/>\n<meta property=\"og:site_name\" content=\"Viol\u00eancia contra a mulher em dados\" \/>\n<meta property=\"article:published_time\" content=\"2022-07-14T21:13:23+00:00\" \/>\n<meta property=\"article:modified_time\" content=\"2022-07-14T21:37:43+00:00\" \/>\n<meta property=\"og:image\" content=\"https:\/\/assets-dossies-ipg-v2.nyc3.digitaloceanspaces.com\/sites\/5\/2022\/07\/1657833163884.png\" \/>\n\t<meta property=\"og:image:width\" content=\"837\" \/>\n\t<meta property=\"og:image:height\" content=\"486\" \/>\n\t<meta property=\"og:image:type\" content=\"image\/png\" \/>\n<meta name=\"author\" content=\"juliana\" \/>\n<meta name=\"twitter:card\" content=\"summary_large_image\" \/>\n<meta name=\"twitter:label1\" content=\"Escrito por\" \/>\n\t<meta name=\"twitter:data1\" content=\"juliana\" \/>\n\t<meta name=\"twitter:label2\" content=\"Est. tempo de leitura\" \/>\n\t<meta name=\"twitter:data2\" content=\"1 minuto\" \/>\n<script type=\"application\/ld+json\" class=\"yoast-schema-graph\">{\"@context\":\"https:\\\/\\\/schema.org\",\"@graph\":[{\"@type\":\"Article\",\"@id\":\"https:\\\/\\\/dossies.agenciapatriciagalvao.org.br\\\/violencia-em-dados\\\/1-341-casos-de-feminicidio-em-2021\\\/#article\",\"isPartOf\":{\"@id\":\"https:\\\/\\\/dossies.agenciapatriciagalvao.org.br\\\/violencia-em-dados\\\/1-341-casos-de-feminicidio-em-2021\\\/\"},\"author\":{\"name\":\"juliana\",\"@id\":\"https:\\\/\\\/dossies.agenciapatriciagalvao.org.br\\\/violencia-em-dados\\\/#\\\/schema\\\/person\\\/6a352eedcfd87b58fd4941a3349e7aaa\"},\"headline\":\"Mais de 1.300 casos de feminic\u00eddio foram registrados em 2021\",\"datePublished\":\"2022-07-14T21:13:23+00:00\",\"dateModified\":\"2022-07-14T21:37:43+00:00\",\"mainEntityOfPage\":{\"@id\":\"https:\\\/\\\/dossies.agenciapatriciagalvao.org.br\\\/violencia-em-dados\\\/1-341-casos-de-feminicidio-em-2021\\\/\"},\"wordCount\":100,\"commentCount\":0,\"image\":{\"@id\":\"https:\\\/\\\/dossies.agenciapatriciagalvao.org.br\\\/violencia-em-dados\\\/1-341-casos-de-feminicidio-em-2021\\\/#primaryimage\"},\"thumbnailUrl\":\"https:\\\/\\\/assets-dossies-ipg-v2.nyc3.digitaloceanspaces.com\\\/sites\\\/5\\\/2022\\\/07\\\/1657833163884.png\",\"keywords\":[\"arma de fogo\",\"assassinato de mulheres\",\"assassinatos\",\"feminicidio\",\"morte violenta de mulheres\",\"violencia contra as mulheres\",\"violencia domestica\",\"violencia domestica e familiar\",\"violencia fisica\",\"viol\u00eancia letal\"],\"articleSection\":[\"Cultura da viol\u00eancia e machismo\",\"Feminic\u00eddio\",\"Viol\u00eancia dom\u00e9stica e familiar\",\"Viol\u00eancia e racismo\"],\"inLanguage\":\"pt-BR\"},{\"@type\":\"WebPage\",\"@id\":\"https:\\\/\\\/dossies.agenciapatriciagalvao.org.br\\\/violencia-em-dados\\\/1-341-casos-de-feminicidio-em-2021\\\/\",\"url\":\"https:\\\/\\\/dossies.agenciapatriciagalvao.org.br\\\/violencia-em-dados\\\/1-341-casos-de-feminicidio-em-2021\\\/\",\"name\":\"Mais de 1.300 casos de feminic\u00eddio foram registrados em 2021 - Viol\u00eancia contra a mulher em dados\",\"isPartOf\":{\"@id\":\"https:\\\/\\\/dossies.agenciapatriciagalvao.org.br\\\/violencia-em-dados\\\/#website\"},\"primaryImageOfPage\":{\"@id\":\"https:\\\/\\\/dossies.agenciapatriciagalvao.org.br\\\/violencia-em-dados\\\/1-341-casos-de-feminicidio-em-2021\\\/#primaryimage\"},\"image\":{\"@id\":\"https:\\\/\\\/dossies.agenciapatriciagalvao.org.br\\\/violencia-em-dados\\\/1-341-casos-de-feminicidio-em-2021\\\/#primaryimage\"},\"thumbnailUrl\":\"https:\\\/\\\/assets-dossies-ipg-v2.nyc3.digitaloceanspaces.com\\\/sites\\\/5\\\/2022\\\/07\\\/1657833163884.png\",\"datePublished\":\"2022-07-14T21:13:23+00:00\",\"dateModified\":\"2022-07-14T21:37:43+00:00\",\"author\":{\"@id\":\"https:\\\/\\\/dossies.agenciapatriciagalvao.org.br\\\/violencia-em-dados\\\/#\\\/schema\\\/person\\\/6a352eedcfd87b58fd4941a3349e7aaa\"},\"breadcrumb\":{\"@id\":\"https:\\\/\\\/dossies.agenciapatriciagalvao.org.br\\\/violencia-em-dados\\\/1-341-casos-de-feminicidio-em-2021\\\/#breadcrumb\"},\"inLanguage\":\"pt-BR\",\"potentialAction\":[{\"@type\":\"ReadAction\",\"target\":[\"https:\\\/\\\/dossies.agenciapatriciagalvao.org.br\\\/violencia-em-dados\\\/1-341-casos-de-feminicidio-em-2021\\\/\"]}]},{\"@type\":\"ImageObject\",\"inLanguage\":\"pt-BR\",\"@id\":\"https:\\\/\\\/dossies.agenciapatriciagalvao.org.br\\\/violencia-em-dados\\\/1-341-casos-de-feminicidio-em-2021\\\/#primaryimage\",\"url\":\"https:\\\/\\\/assets-dossies-ipg-v2.nyc3.digitaloceanspaces.com\\\/sites\\\/5\\\/2022\\\/07\\\/1657833163884.png\",\"contentUrl\":\"https:\\\/\\\/assets-dossies-ipg-v2.nyc3.digitaloceanspaces.com\\\/sites\\\/5\\\/2022\\\/07\\\/1657833163884.png\",\"width\":837,\"height\":486},{\"@type\":\"BreadcrumbList\",\"@id\":\"https:\\\/\\\/dossies.agenciapatriciagalvao.org.br\\\/violencia-em-dados\\\/1-341-casos-de-feminicidio-em-2021\\\/#breadcrumb\",\"itemListElement\":[{\"@type\":\"ListItem\",\"position\":1,\"name\":\"Home\",\"item\":\"https:\\\/\\\/dossies.agenciapatriciagalvao.org.br\\\/violencia-em-dados\\\/\"},{\"@type\":\"ListItem\",\"position\":2,\"name\":\"Mais de 1.300 casos de feminic\u00eddio foram registrados em 2021\"}]},{\"@type\":\"WebSite\",\"@id\":\"https:\\\/\\\/dossies.agenciapatriciagalvao.org.br\\\/violencia-em-dados\\\/#website\",\"url\":\"https:\\\/\\\/dossies.agenciapatriciagalvao.org.br\\\/violencia-em-dados\\\/\",\"name\":\"Viol\u00eancia contra a mulher em dados\",\"description\":\"&lt;strong&gt;Viol\u00eancia contra as Mulheres em Dados&lt;\\\/strong&gt; re\u00fane pesquisas e dados recentes relacionados \u00e0s viol\u00eancias contra as mulheres no Brasil, com base no monitoramento e curadoria realizados pelo Instituto Patr\u00edcia Galv\u00e3o \u2013 com foco na viol\u00eancia dom\u00e9stica, sexual e online, no feminic\u00eddio e na intersec\u00e7\u00e3o com o racismo e a LGBT+fobia.\",\"potentialAction\":[{\"@type\":\"SearchAction\",\"target\":{\"@type\":\"EntryPoint\",\"urlTemplate\":\"https:\\\/\\\/dossies.agenciapatriciagalvao.org.br\\\/violencia-em-dados\\\/?s={search_term_string}\"},\"query-input\":{\"@type\":\"PropertyValueSpecification\",\"valueRequired\":true,\"valueName\":\"search_term_string\"}}],\"inLanguage\":\"pt-BR\"},{\"@type\":\"Person\",\"@id\":\"https:\\\/\\\/dossies.agenciapatriciagalvao.org.br\\\/violencia-em-dados\\\/#\\\/schema\\\/person\\\/6a352eedcfd87b58fd4941a3349e7aaa\",\"name\":\"juliana\",\"image\":{\"@type\":\"ImageObject\",\"inLanguage\":\"pt-BR\",\"@id\":\"https:\\\/\\\/secure.gravatar.com\\\/avatar\\\/53d87b1250de4d9c11862ac9931f7e9594413548736fd263e8376d165aaa8263?s=96&d=mm&r=g\",\"url\":\"https:\\\/\\\/secure.gravatar.com\\\/avatar\\\/53d87b1250de4d9c11862ac9931f7e9594413548736fd263e8376d165aaa8263?s=96&d=mm&r=g\",\"contentUrl\":\"https:\\\/\\\/secure.gravatar.com\\\/avatar\\\/53d87b1250de4d9c11862ac9931f7e9594413548736fd263e8376d165aaa8263?s=96&d=mm&r=g\",\"caption\":\"juliana\"},\"url\":\"https:\\\/\\\/dossies.agenciapatriciagalvao.org.br\\\/violencia-em-dados\\\/author\\\/juliana\\\/\"}]}<\/script>\n<!-- \/ Yoast SEO plugin. -->","yoast_head_json":{"title":"Mais de 1.300 casos de feminic\u00eddio foram registrados em 2021 - Viol\u00eancia contra a mulher em dados","robots":{"index":"index","follow":"follow","max-snippet":"max-snippet:-1","max-image-preview":"max-image-preview:large","max-video-preview":"max-video-preview:-1"},"canonical":"https:\/\/dossies.agenciapatriciagalvao.org.br\/violencia-em-dados\/1-341-casos-de-feminicidio-em-2021\/","og_locale":"pt_BR","og_type":"article","og_title":"Mais de 1.300 casos de feminic\u00eddio foram registrados em 2021 - Viol\u00eancia contra a mulher em dados","og_description":"A maioria das mulheres v\u00edtimas de feminic\u00eddio e demais mortes violentas em 2021 eram negras, em idade adulta e foram assassinadas pelo companheiro atual ou ex dentro de casa, segundo dados do 16\u00ba Anu\u00e1rio Brasileiro de Seguran\u00e7a P\u00fablica. As armas empregadas nos feminic\u00eddios e demais mortes violentas tamb\u00e9m foram investigadas no levantamento. A pesquisa \u00e9 [&hellip;]","og_url":"https:\/\/dossies.agenciapatriciagalvao.org.br\/violencia-em-dados\/1-341-casos-de-feminicidio-em-2021\/","og_site_name":"Viol\u00eancia contra a mulher em dados","article_published_time":"2022-07-14T21:13:23+00:00","article_modified_time":"2022-07-14T21:37:43+00:00","og_image":[{"width":837,"height":486,"url":"https:\/\/assets-dossies-ipg-v2.nyc3.digitaloceanspaces.com\/sites\/5\/2022\/07\/1657833163884.png","type":"image\/png"}],"author":"juliana","twitter_card":"summary_large_image","twitter_misc":{"Escrito por":"juliana","Est. tempo de leitura":"1 minuto"},"schema":{"@context":"https:\/\/schema.org","@graph":[{"@type":"Article","@id":"https:\/\/dossies.agenciapatriciagalvao.org.br\/violencia-em-dados\/1-341-casos-de-feminicidio-em-2021\/#article","isPartOf":{"@id":"https:\/\/dossies.agenciapatriciagalvao.org.br\/violencia-em-dados\/1-341-casos-de-feminicidio-em-2021\/"},"author":{"name":"juliana","@id":"https:\/\/dossies.agenciapatriciagalvao.org.br\/violencia-em-dados\/#\/schema\/person\/6a352eedcfd87b58fd4941a3349e7aaa"},"headline":"Mais de 1.300 casos de feminic\u00eddio foram registrados em 2021","datePublished":"2022-07-14T21:13:23+00:00","dateModified":"2022-07-14T21:37:43+00:00","mainEntityOfPage":{"@id":"https:\/\/dossies.agenciapatriciagalvao.org.br\/violencia-em-dados\/1-341-casos-de-feminicidio-em-2021\/"},"wordCount":100,"commentCount":0,"image":{"@id":"https:\/\/dossies.agenciapatriciagalvao.org.br\/violencia-em-dados\/1-341-casos-de-feminicidio-em-2021\/#primaryimage"},"thumbnailUrl":"https:\/\/assets-dossies-ipg-v2.nyc3.digitaloceanspaces.com\/sites\/5\/2022\/07\/1657833163884.png","keywords":["arma de fogo","assassinato de mulheres","assassinatos","feminicidio","morte violenta de mulheres","violencia contra as mulheres","violencia domestica","violencia domestica e familiar","violencia fisica","viol\u00eancia letal"],"articleSection":["Cultura da viol\u00eancia e machismo","Feminic\u00eddio","Viol\u00eancia dom\u00e9stica e familiar","Viol\u00eancia e racismo"],"inLanguage":"pt-BR"},{"@type":"WebPage","@id":"https:\/\/dossies.agenciapatriciagalvao.org.br\/violencia-em-dados\/1-341-casos-de-feminicidio-em-2021\/","url":"https:\/\/dossies.agenciapatriciagalvao.org.br\/violencia-em-dados\/1-341-casos-de-feminicidio-em-2021\/","name":"Mais de 1.300 casos de feminic\u00eddio foram registrados em 2021 - Viol\u00eancia contra a mulher em dados","isPartOf":{"@id":"https:\/\/dossies.agenciapatriciagalvao.org.br\/violencia-em-dados\/#website"},"primaryImageOfPage":{"@id":"https:\/\/dossies.agenciapatriciagalvao.org.br\/violencia-em-dados\/1-341-casos-de-feminicidio-em-2021\/#primaryimage"},"image":{"@id":"https:\/\/dossies.agenciapatriciagalvao.org.br\/violencia-em-dados\/1-341-casos-de-feminicidio-em-2021\/#primaryimage"},"thumbnailUrl":"https:\/\/assets-dossies-ipg-v2.nyc3.digitaloceanspaces.com\/sites\/5\/2022\/07\/1657833163884.png","datePublished":"2022-07-14T21:13:23+00:00","dateModified":"2022-07-14T21:37:43+00:00","author":{"@id":"https:\/\/dossies.agenciapatriciagalvao.org.br\/violencia-em-dados\/#\/schema\/person\/6a352eedcfd87b58fd4941a3349e7aaa"},"breadcrumb":{"@id":"https:\/\/dossies.agenciapatriciagalvao.org.br\/violencia-em-dados\/1-341-casos-de-feminicidio-em-2021\/#breadcrumb"},"inLanguage":"pt-BR","potentialAction":[{"@type":"ReadAction","target":["https:\/\/dossies.agenciapatriciagalvao.org.br\/violencia-em-dados\/1-341-casos-de-feminicidio-em-2021\/"]}]},{"@type":"ImageObject","inLanguage":"pt-BR","@id":"https:\/\/dossies.agenciapatriciagalvao.org.br\/violencia-em-dados\/1-341-casos-de-feminicidio-em-2021\/#primaryimage","url":"https:\/\/assets-dossies-ipg-v2.nyc3.digitaloceanspaces.com\/sites\/5\/2022\/07\/1657833163884.png","contentUrl":"https:\/\/assets-dossies-ipg-v2.nyc3.digitaloceanspaces.com\/sites\/5\/2022\/07\/1657833163884.png","width":837,"height":486},{"@type":"BreadcrumbList","@id":"https:\/\/dossies.agenciapatriciagalvao.org.br\/violencia-em-dados\/1-341-casos-de-feminicidio-em-2021\/#breadcrumb","itemListElement":[{"@type":"ListItem","position":1,"name":"Home","item":"https:\/\/dossies.agenciapatriciagalvao.org.br\/violencia-em-dados\/"},{"@type":"ListItem","position":2,"name":"Mais de 1.300 casos de feminic\u00eddio foram registrados em 2021"}]},{"@type":"WebSite","@id":"https:\/\/dossies.agenciapatriciagalvao.org.br\/violencia-em-dados\/#website","url":"https:\/\/dossies.agenciapatriciagalvao.org.br\/violencia-em-dados\/","name":"Viol\u00eancia contra a mulher em dados","description":"&lt;strong&gt;Viol\u00eancia contra as Mulheres em Dados&lt;\/strong&gt; re\u00fane pesquisas e dados recentes relacionados \u00e0s viol\u00eancias contra as mulheres no Brasil, com base no monitoramento e curadoria realizados pelo Instituto Patr\u00edcia Galv\u00e3o \u2013 com foco na viol\u00eancia dom\u00e9stica, sexual e online, no feminic\u00eddio e na intersec\u00e7\u00e3o com o racismo e a LGBT+fobia.","potentialAction":[{"@type":"SearchAction","target":{"@type":"EntryPoint","urlTemplate":"https:\/\/dossies.agenciapatriciagalvao.org.br\/violencia-em-dados\/?s={search_term_string}"},"query-input":{"@type":"PropertyValueSpecification","valueRequired":true,"valueName":"search_term_string"}}],"inLanguage":"pt-BR"},{"@type":"Person","@id":"https:\/\/dossies.agenciapatriciagalvao.org.br\/violencia-em-dados\/#\/schema\/person\/6a352eedcfd87b58fd4941a3349e7aaa","name":"juliana","image":{"@type":"ImageObject","inLanguage":"pt-BR","@id":"https:\/\/secure.gravatar.com\/avatar\/53d87b1250de4d9c11862ac9931f7e9594413548736fd263e8376d165aaa8263?s=96&d=mm&r=g","url":"https:\/\/secure.gravatar.com\/avatar\/53d87b1250de4d9c11862ac9931f7e9594413548736fd263e8376d165aaa8263?s=96&d=mm&r=g","contentUrl":"https:\/\/secure.gravatar.com\/avatar\/53d87b1250de4d9c11862ac9931f7e9594413548736fd263e8376d165aaa8263?s=96&d=mm&r=g","caption":"juliana"},"url":"https:\/\/dossies.agenciapatriciagalvao.org.br\/violencia-em-dados\/author\/juliana\/"}]}},"views":3045,"_links":{"self":[{"href":"https:\/\/dossies.agenciapatriciagalvao.org.br\/violencia-em-dados\/wp-json\/wp\/v2\/posts\/2017","targetHints":{"allow":["GET"]}}],"collection":[{"href":"https:\/\/dossies.agenciapatriciagalvao.org.br\/violencia-em-dados\/wp-json\/wp\/v2\/posts"}],"about":[{"href":"https:\/\/dossies.agenciapatriciagalvao.org.br\/violencia-em-dados\/wp-json\/wp\/v2\/types\/post"}],"author":[{"embeddable":true,"href":"https:\/\/dossies.agenciapatriciagalvao.org.br\/violencia-em-dados\/wp-json\/wp\/v2\/users\/17"}],"replies":[{"embeddable":true,"href":"https:\/\/dossies.agenciapatriciagalvao.org.br\/violencia-em-dados\/wp-json\/wp\/v2\/comments?post=2017"}],"version-history":[{"count":2,"href":"https:\/\/dossies.agenciapatriciagalvao.org.br\/violencia-em-dados\/wp-json\/wp\/v2\/posts\/2017\/revisions"}],"predecessor-version":[{"id":2054,"href":"https:\/\/dossies.agenciapatriciagalvao.org.br\/violencia-em-dados\/wp-json\/wp\/v2\/posts\/2017\/revisions\/2054"}],"wp:featuredmedia":[{"embeddable":true,"href":"https:\/\/dossies.agenciapatriciagalvao.org.br\/violencia-em-dados\/wp-json\/wp\/v2\/media\/2050"}],"wp:attachment":[{"href":"https:\/\/dossies.agenciapatriciagalvao.org.br\/violencia-em-dados\/wp-json\/wp\/v2\/media?parent=2017"}],"wp:term":[{"taxonomy":"category","embeddable":true,"href":"https:\/\/dossies.agenciapatriciagalvao.org.br\/violencia-em-dados\/wp-json\/wp\/v2\/categories?post=2017"},{"taxonomy":"post_tag","embeddable":true,"href":"https:\/\/dossies.agenciapatriciagalvao.org.br\/violencia-em-dados\/wp-json\/wp\/v2\/tags?post=2017"}],"curies":[{"name":"wp","href":"https:\/\/api.w.org\/{rel}","templated":true}]}}