{"id":1502,"date":"2021-06-17T14:31:02","date_gmt":"2021-06-17T17:31:02","guid":{"rendered":"https:\/\/dossies.agenciapatriciagalvao.org.br\/violencia-em-dados\/?p=1502"},"modified":"2022-06-18T21:15:44","modified_gmt":"2022-06-19T00:15:44","slug":"rejeicao-exclusao-social-e-marginalizacao-breve-panorama-das-pessoas-trans-e-travestis","status":"publish","type":"post","link":"https:\/\/dossies.agenciapatriciagalvao.org.br\/violencia-em-dados\/rejeicao-exclusao-social-e-marginalizacao-breve-panorama-das-pessoas-trans-e-travestis\/","title":{"rendered":"Rejei\u00e7\u00e3o, exclus\u00e3o social e marginaliza\u00e7\u00e3o: breve panorama da viol\u00eancia contra as pessoas trans e travestis"},"content":{"rendered":"<p><span style=\"font-weight: 400;\">A popula\u00e7\u00e3o trans e travesti segue marginalizada e v\u00edtima <\/span>da criminaliza\u00e7\u00e3o e da\u00a0naturaliza\u00e7\u00e3o das viola\u00e7\u00f5es de direitos humanos fundamentais. No pa\u00eds em que mais se matam pessoas que rompem com padr\u00f5es normativos no mundo, mulheres trans e travestis vivem em condi\u00e7\u00f5es de mis\u00e9ria e exclus\u00e3o social, enfrentando barreiras no acesso \u00e0 educa\u00e7\u00e3o, sa\u00fade, qualifica\u00e7\u00e3o profissional e inclus\u00e3o no mercado de trabalho formal, al\u00e9m da aus\u00eancia de pol\u00edticas p\u00fablicas que considerem suas demandas espec\u00edficas. Por isso, iniciativas como a <a href=\"https:\/\/antrabrasil.org\/\" target=\"_blank\" rel=\"noopener\"><strong>Associa\u00e7\u00e3o Nacional de Travestis e Transexuais (Antra<\/strong><\/a>) e outros movimentos de resist\u00eancia trabalham para visibilizar os n\u00fameros das diversas viol\u00eancias sofridas por pessoas trans e travestis, assim como fortalecer lutas hist\u00f3ricas.<\/p>\n<p>&nbsp;<\/p>\n<div class=\"infogram-embed\" data-id=\"87bf7ffc-777f-4e7e-ae99-1e054d203daf\" data-type=\"interactive\" data-title=\"Exist\u00eancias trans. Do privado ao p\u00fablico: situa\u00e7\u00e3o das pessoas trans no Brasil\"><\/div>\n<p><script>!function(e,i,n,s){var t=\"InfogramEmbeds\",d=e.getElementsByTagName(\"script\")[0];if(window[t]&&window[t].initialized)window[t].process&&window[t].process();else if(!e.getElementById(n)){var o=e.createElement(\"script\");o.async=1,o.id=n,o.src=\"https:\/\/e.infogram.com\/js\/dist\/embed-loader-min.js\",d.parentNode.insertBefore(o,d)}}(document,0,\"infogram-async\");<\/script><\/p>\n<div style=\"padding: 8px 0; font-family: Arial!important; font-size: 13px!important; line-height: 15px!important; text-align: center; border-top: 1px solid #dadada; margin: 0 30px;\"><a style=\"color: #989898!important; text-decoration: none!important;\" href=\"https:\/\/infogram.com\/87bf7ffc-777f-4e7e-ae99-1e054d203daf\" target=\"_blank\" rel=\"noopener\">Exist\u00eancias trans. Do privado ao p\u00fablico: situa\u00e7\u00e3o das pessoas trans no Brasil<\/a><br \/>\n<a style=\"color: #989898!important; text-decoration: none!important;\" href=\"https:\/\/infogram.com\" target=\"_blank\" rel=\"nofollow noopener\">Infogram<\/a><\/div>\n","protected":false},"excerpt":{"rendered":"<p>A popula\u00e7\u00e3o trans e travesti segue marginalizada e v\u00edtima da criminaliza\u00e7\u00e3o e da\u00a0naturaliza\u00e7\u00e3o das viola\u00e7\u00f5es de direitos humanos fundamentais. No pa\u00eds em que mais se matam pessoas que rompem com padr\u00f5es normativos no mundo, mulheres trans e travestis vivem em condi\u00e7\u00f5es de mis\u00e9ria e exclus\u00e3o social, enfrentando barreiras no acesso \u00e0 educa\u00e7\u00e3o, sa\u00fade, qualifica\u00e7\u00e3o profissional [&hellip;]<\/p>\n","protected":false},"author":17,"featured_media":1976,"comment_status":"open","ping_status":"open","sticky":false,"template":"","format":"standard","meta":{"footnotes":""},"categories":[5],"tags":[],"class_list":["post-1502","post","type-post","status-publish","format-standard","has-post-thumbnail","hentry","category-violencia-contra-mulheres-lesbicas-bis-e-trans"],"yoast_head":"<!-- This site is optimized with the Yoast SEO plugin v27.4 - https:\/\/yoast.com\/product\/yoast-seo-wordpress\/ -->\n<title>Rejei\u00e7\u00e3o, exclus\u00e3o social e marginaliza\u00e7\u00e3o: breve panorama da viol\u00eancia contra as pessoas trans e travestis - Viol\u00eancia contra a mulher em dados<\/title>\n<meta name=\"robots\" content=\"index, follow, max-snippet:-1, max-image-preview:large, max-video-preview:-1\" \/>\n<link rel=\"canonical\" href=\"https:\/\/dossies.agenciapatriciagalvao.org.br\/violencia-em-dados\/rejeicao-exclusao-social-e-marginalizacao-breve-panorama-das-pessoas-trans-e-travestis\/\" \/>\n<meta property=\"og:locale\" content=\"pt_BR\" \/>\n<meta property=\"og:type\" content=\"article\" \/>\n<meta property=\"og:title\" content=\"Rejei\u00e7\u00e3o, exclus\u00e3o social e marginaliza\u00e7\u00e3o: breve panorama da viol\u00eancia contra as pessoas trans e travestis - Viol\u00eancia contra a mulher em dados\" \/>\n<meta property=\"og:description\" content=\"A popula\u00e7\u00e3o trans e travesti segue marginalizada e v\u00edtima da criminaliza\u00e7\u00e3o e da\u00a0naturaliza\u00e7\u00e3o das viola\u00e7\u00f5es de direitos humanos fundamentais. No pa\u00eds em que mais se matam pessoas que rompem com padr\u00f5es normativos no mundo, mulheres trans e travestis vivem em condi\u00e7\u00f5es de mis\u00e9ria e exclus\u00e3o social, enfrentando barreiras no acesso \u00e0 educa\u00e7\u00e3o, sa\u00fade, qualifica\u00e7\u00e3o profissional [&hellip;]\" \/>\n<meta property=\"og:url\" content=\"https:\/\/dossies.agenciapatriciagalvao.org.br\/violencia-em-dados\/rejeicao-exclusao-social-e-marginalizacao-breve-panorama-das-pessoas-trans-e-travestis\/\" \/>\n<meta property=\"og:site_name\" content=\"Viol\u00eancia contra a mulher em dados\" \/>\n<meta property=\"article:published_time\" content=\"2021-06-17T17:31:02+00:00\" \/>\n<meta property=\"article:modified_time\" content=\"2022-06-19T00:15:44+00:00\" \/>\n<meta property=\"og:image\" content=\"https:\/\/assets-dossies-ipg-v2.nyc3.digitaloceanspaces.com\/sites\/5\/2021\/06\/Captura-de-tela-2022-06-18-211520.jpg\" \/>\n\t<meta property=\"og:image:width\" content=\"684\" \/>\n\t<meta property=\"og:image:height\" content=\"539\" \/>\n\t<meta property=\"og:image:type\" content=\"image\/jpeg\" \/>\n<meta name=\"author\" content=\"juliana\" \/>\n<meta name=\"twitter:card\" content=\"summary_large_image\" \/>\n<meta name=\"twitter:label1\" content=\"Escrito por\" \/>\n\t<meta name=\"twitter:data1\" content=\"juliana\" \/>\n\t<meta name=\"twitter:label2\" content=\"Est. tempo de leitura\" \/>\n\t<meta name=\"twitter:data2\" content=\"1 minuto\" \/>\n<script type=\"application\/ld+json\" class=\"yoast-schema-graph\">{\"@context\":\"https:\\\/\\\/schema.org\",\"@graph\":[{\"@type\":\"Article\",\"@id\":\"https:\\\/\\\/dossies.agenciapatriciagalvao.org.br\\\/violencia-em-dados\\\/rejeicao-exclusao-social-e-marginalizacao-breve-panorama-das-pessoas-trans-e-travestis\\\/#article\",\"isPartOf\":{\"@id\":\"https:\\\/\\\/dossies.agenciapatriciagalvao.org.br\\\/violencia-em-dados\\\/rejeicao-exclusao-social-e-marginalizacao-breve-panorama-das-pessoas-trans-e-travestis\\\/\"},\"author\":{\"name\":\"juliana\",\"@id\":\"https:\\\/\\\/dossies.agenciapatriciagalvao.org.br\\\/violencia-em-dados\\\/#\\\/schema\\\/person\\\/6a352eedcfd87b58fd4941a3349e7aaa\"},\"headline\":\"Rejei\u00e7\u00e3o, exclus\u00e3o social e marginaliza\u00e7\u00e3o: breve panorama da viol\u00eancia contra as pessoas trans e travestis\",\"datePublished\":\"2021-06-17T17:31:02+00:00\",\"dateModified\":\"2022-06-19T00:15:44+00:00\",\"mainEntityOfPage\":{\"@id\":\"https:\\\/\\\/dossies.agenciapatriciagalvao.org.br\\\/violencia-em-dados\\\/rejeicao-exclusao-social-e-marginalizacao-breve-panorama-das-pessoas-trans-e-travestis\\\/\"},\"wordCount\":169,\"commentCount\":1,\"image\":{\"@id\":\"https:\\\/\\\/dossies.agenciapatriciagalvao.org.br\\\/violencia-em-dados\\\/rejeicao-exclusao-social-e-marginalizacao-breve-panorama-das-pessoas-trans-e-travestis\\\/#primaryimage\"},\"thumbnailUrl\":\"https:\\\/\\\/assets-dossies-ipg-v2.nyc3.digitaloceanspaces.com\\\/sites\\\/5\\\/2021\\\/06\\\/Captura-de-tela-2022-06-18-211520.jpg\",\"articleSection\":[\"Viol\u00eancia contra mulheres l\u00e9sbicas, bis e trans\"],\"inLanguage\":\"pt-BR\"},{\"@type\":\"WebPage\",\"@id\":\"https:\\\/\\\/dossies.agenciapatriciagalvao.org.br\\\/violencia-em-dados\\\/rejeicao-exclusao-social-e-marginalizacao-breve-panorama-das-pessoas-trans-e-travestis\\\/\",\"url\":\"https:\\\/\\\/dossies.agenciapatriciagalvao.org.br\\\/violencia-em-dados\\\/rejeicao-exclusao-social-e-marginalizacao-breve-panorama-das-pessoas-trans-e-travestis\\\/\",\"name\":\"Rejei\u00e7\u00e3o, exclus\u00e3o social e marginaliza\u00e7\u00e3o: breve panorama da viol\u00eancia contra as pessoas trans e travestis - Viol\u00eancia contra a mulher em dados\",\"isPartOf\":{\"@id\":\"https:\\\/\\\/dossies.agenciapatriciagalvao.org.br\\\/violencia-em-dados\\\/#website\"},\"primaryImageOfPage\":{\"@id\":\"https:\\\/\\\/dossies.agenciapatriciagalvao.org.br\\\/violencia-em-dados\\\/rejeicao-exclusao-social-e-marginalizacao-breve-panorama-das-pessoas-trans-e-travestis\\\/#primaryimage\"},\"image\":{\"@id\":\"https:\\\/\\\/dossies.agenciapatriciagalvao.org.br\\\/violencia-em-dados\\\/rejeicao-exclusao-social-e-marginalizacao-breve-panorama-das-pessoas-trans-e-travestis\\\/#primaryimage\"},\"thumbnailUrl\":\"https:\\\/\\\/assets-dossies-ipg-v2.nyc3.digitaloceanspaces.com\\\/sites\\\/5\\\/2021\\\/06\\\/Captura-de-tela-2022-06-18-211520.jpg\",\"datePublished\":\"2021-06-17T17:31:02+00:00\",\"dateModified\":\"2022-06-19T00:15:44+00:00\",\"author\":{\"@id\":\"https:\\\/\\\/dossies.agenciapatriciagalvao.org.br\\\/violencia-em-dados\\\/#\\\/schema\\\/person\\\/6a352eedcfd87b58fd4941a3349e7aaa\"},\"breadcrumb\":{\"@id\":\"https:\\\/\\\/dossies.agenciapatriciagalvao.org.br\\\/violencia-em-dados\\\/rejeicao-exclusao-social-e-marginalizacao-breve-panorama-das-pessoas-trans-e-travestis\\\/#breadcrumb\"},\"inLanguage\":\"pt-BR\",\"potentialAction\":[{\"@type\":\"ReadAction\",\"target\":[\"https:\\\/\\\/dossies.agenciapatriciagalvao.org.br\\\/violencia-em-dados\\\/rejeicao-exclusao-social-e-marginalizacao-breve-panorama-das-pessoas-trans-e-travestis\\\/\"]}]},{\"@type\":\"ImageObject\",\"inLanguage\":\"pt-BR\",\"@id\":\"https:\\\/\\\/dossies.agenciapatriciagalvao.org.br\\\/violencia-em-dados\\\/rejeicao-exclusao-social-e-marginalizacao-breve-panorama-das-pessoas-trans-e-travestis\\\/#primaryimage\",\"url\":\"https:\\\/\\\/assets-dossies-ipg-v2.nyc3.digitaloceanspaces.com\\\/sites\\\/5\\\/2021\\\/06\\\/Captura-de-tela-2022-06-18-211520.jpg\",\"contentUrl\":\"https:\\\/\\\/assets-dossies-ipg-v2.nyc3.digitaloceanspaces.com\\\/sites\\\/5\\\/2021\\\/06\\\/Captura-de-tela-2022-06-18-211520.jpg\",\"width\":684,\"height\":539},{\"@type\":\"BreadcrumbList\",\"@id\":\"https:\\\/\\\/dossies.agenciapatriciagalvao.org.br\\\/violencia-em-dados\\\/rejeicao-exclusao-social-e-marginalizacao-breve-panorama-das-pessoas-trans-e-travestis\\\/#breadcrumb\",\"itemListElement\":[{\"@type\":\"ListItem\",\"position\":1,\"name\":\"Home\",\"item\":\"https:\\\/\\\/dossies.agenciapatriciagalvao.org.br\\\/violencia-em-dados\\\/\"},{\"@type\":\"ListItem\",\"position\":2,\"name\":\"Rejei\u00e7\u00e3o, exclus\u00e3o social e marginaliza\u00e7\u00e3o: breve panorama da viol\u00eancia contra as pessoas trans e travestis\"}]},{\"@type\":\"WebSite\",\"@id\":\"https:\\\/\\\/dossies.agenciapatriciagalvao.org.br\\\/violencia-em-dados\\\/#website\",\"url\":\"https:\\\/\\\/dossies.agenciapatriciagalvao.org.br\\\/violencia-em-dados\\\/\",\"name\":\"Viol\u00eancia contra a mulher em dados\",\"description\":\"&lt;strong&gt;Viol\u00eancia contra as Mulheres em Dados&lt;\\\/strong&gt; re\u00fane pesquisas e dados recentes relacionados \u00e0s viol\u00eancias contra as mulheres no Brasil, com base no monitoramento e curadoria realizados pelo Instituto Patr\u00edcia Galv\u00e3o \u2013 com foco na viol\u00eancia dom\u00e9stica, sexual e online, no feminic\u00eddio e na intersec\u00e7\u00e3o com o racismo e a LGBT+fobia.\",\"potentialAction\":[{\"@type\":\"SearchAction\",\"target\":{\"@type\":\"EntryPoint\",\"urlTemplate\":\"https:\\\/\\\/dossies.agenciapatriciagalvao.org.br\\\/violencia-em-dados\\\/?s={search_term_string}\"},\"query-input\":{\"@type\":\"PropertyValueSpecification\",\"valueRequired\":true,\"valueName\":\"search_term_string\"}}],\"inLanguage\":\"pt-BR\"},{\"@type\":\"Person\",\"@id\":\"https:\\\/\\\/dossies.agenciapatriciagalvao.org.br\\\/violencia-em-dados\\\/#\\\/schema\\\/person\\\/6a352eedcfd87b58fd4941a3349e7aaa\",\"name\":\"juliana\",\"image\":{\"@type\":\"ImageObject\",\"inLanguage\":\"pt-BR\",\"@id\":\"https:\\\/\\\/secure.gravatar.com\\\/avatar\\\/53d87b1250de4d9c11862ac9931f7e9594413548736fd263e8376d165aaa8263?s=96&d=mm&r=g\",\"url\":\"https:\\\/\\\/secure.gravatar.com\\\/avatar\\\/53d87b1250de4d9c11862ac9931f7e9594413548736fd263e8376d165aaa8263?s=96&d=mm&r=g\",\"contentUrl\":\"https:\\\/\\\/secure.gravatar.com\\\/avatar\\\/53d87b1250de4d9c11862ac9931f7e9594413548736fd263e8376d165aaa8263?s=96&d=mm&r=g\",\"caption\":\"juliana\"},\"url\":\"https:\\\/\\\/dossies.agenciapatriciagalvao.org.br\\\/violencia-em-dados\\\/author\\\/juliana\\\/\"}]}<\/script>\n<!-- \/ Yoast SEO plugin. -->","yoast_head_json":{"title":"Rejei\u00e7\u00e3o, exclus\u00e3o social e marginaliza\u00e7\u00e3o: breve panorama da viol\u00eancia contra as pessoas trans e travestis - Viol\u00eancia contra a mulher em dados","robots":{"index":"index","follow":"follow","max-snippet":"max-snippet:-1","max-image-preview":"max-image-preview:large","max-video-preview":"max-video-preview:-1"},"canonical":"https:\/\/dossies.agenciapatriciagalvao.org.br\/violencia-em-dados\/rejeicao-exclusao-social-e-marginalizacao-breve-panorama-das-pessoas-trans-e-travestis\/","og_locale":"pt_BR","og_type":"article","og_title":"Rejei\u00e7\u00e3o, exclus\u00e3o social e marginaliza\u00e7\u00e3o: breve panorama da viol\u00eancia contra as pessoas trans e travestis - Viol\u00eancia contra a mulher em dados","og_description":"A popula\u00e7\u00e3o trans e travesti segue marginalizada e v\u00edtima da criminaliza\u00e7\u00e3o e da\u00a0naturaliza\u00e7\u00e3o das viola\u00e7\u00f5es de direitos humanos fundamentais. No pa\u00eds em que mais se matam pessoas que rompem com padr\u00f5es normativos no mundo, mulheres trans e travestis vivem em condi\u00e7\u00f5es de mis\u00e9ria e exclus\u00e3o social, enfrentando barreiras no acesso \u00e0 educa\u00e7\u00e3o, sa\u00fade, qualifica\u00e7\u00e3o profissional [&hellip;]","og_url":"https:\/\/dossies.agenciapatriciagalvao.org.br\/violencia-em-dados\/rejeicao-exclusao-social-e-marginalizacao-breve-panorama-das-pessoas-trans-e-travestis\/","og_site_name":"Viol\u00eancia contra a mulher em dados","article_published_time":"2021-06-17T17:31:02+00:00","article_modified_time":"2022-06-19T00:15:44+00:00","og_image":[{"width":684,"height":539,"url":"https:\/\/assets-dossies-ipg-v2.nyc3.digitaloceanspaces.com\/sites\/5\/2021\/06\/Captura-de-tela-2022-06-18-211520.jpg","type":"image\/jpeg"}],"author":"juliana","twitter_card":"summary_large_image","twitter_misc":{"Escrito por":"juliana","Est. tempo de leitura":"1 minuto"},"schema":{"@context":"https:\/\/schema.org","@graph":[{"@type":"Article","@id":"https:\/\/dossies.agenciapatriciagalvao.org.br\/violencia-em-dados\/rejeicao-exclusao-social-e-marginalizacao-breve-panorama-das-pessoas-trans-e-travestis\/#article","isPartOf":{"@id":"https:\/\/dossies.agenciapatriciagalvao.org.br\/violencia-em-dados\/rejeicao-exclusao-social-e-marginalizacao-breve-panorama-das-pessoas-trans-e-travestis\/"},"author":{"name":"juliana","@id":"https:\/\/dossies.agenciapatriciagalvao.org.br\/violencia-em-dados\/#\/schema\/person\/6a352eedcfd87b58fd4941a3349e7aaa"},"headline":"Rejei\u00e7\u00e3o, exclus\u00e3o social e marginaliza\u00e7\u00e3o: breve panorama da viol\u00eancia contra as pessoas trans e travestis","datePublished":"2021-06-17T17:31:02+00:00","dateModified":"2022-06-19T00:15:44+00:00","mainEntityOfPage":{"@id":"https:\/\/dossies.agenciapatriciagalvao.org.br\/violencia-em-dados\/rejeicao-exclusao-social-e-marginalizacao-breve-panorama-das-pessoas-trans-e-travestis\/"},"wordCount":169,"commentCount":1,"image":{"@id":"https:\/\/dossies.agenciapatriciagalvao.org.br\/violencia-em-dados\/rejeicao-exclusao-social-e-marginalizacao-breve-panorama-das-pessoas-trans-e-travestis\/#primaryimage"},"thumbnailUrl":"https:\/\/assets-dossies-ipg-v2.nyc3.digitaloceanspaces.com\/sites\/5\/2021\/06\/Captura-de-tela-2022-06-18-211520.jpg","articleSection":["Viol\u00eancia contra mulheres l\u00e9sbicas, bis e trans"],"inLanguage":"pt-BR"},{"@type":"WebPage","@id":"https:\/\/dossies.agenciapatriciagalvao.org.br\/violencia-em-dados\/rejeicao-exclusao-social-e-marginalizacao-breve-panorama-das-pessoas-trans-e-travestis\/","url":"https:\/\/dossies.agenciapatriciagalvao.org.br\/violencia-em-dados\/rejeicao-exclusao-social-e-marginalizacao-breve-panorama-das-pessoas-trans-e-travestis\/","name":"Rejei\u00e7\u00e3o, exclus\u00e3o social e marginaliza\u00e7\u00e3o: breve panorama da viol\u00eancia contra as pessoas trans e travestis - Viol\u00eancia contra a mulher em dados","isPartOf":{"@id":"https:\/\/dossies.agenciapatriciagalvao.org.br\/violencia-em-dados\/#website"},"primaryImageOfPage":{"@id":"https:\/\/dossies.agenciapatriciagalvao.org.br\/violencia-em-dados\/rejeicao-exclusao-social-e-marginalizacao-breve-panorama-das-pessoas-trans-e-travestis\/#primaryimage"},"image":{"@id":"https:\/\/dossies.agenciapatriciagalvao.org.br\/violencia-em-dados\/rejeicao-exclusao-social-e-marginalizacao-breve-panorama-das-pessoas-trans-e-travestis\/#primaryimage"},"thumbnailUrl":"https:\/\/assets-dossies-ipg-v2.nyc3.digitaloceanspaces.com\/sites\/5\/2021\/06\/Captura-de-tela-2022-06-18-211520.jpg","datePublished":"2021-06-17T17:31:02+00:00","dateModified":"2022-06-19T00:15:44+00:00","author":{"@id":"https:\/\/dossies.agenciapatriciagalvao.org.br\/violencia-em-dados\/#\/schema\/person\/6a352eedcfd87b58fd4941a3349e7aaa"},"breadcrumb":{"@id":"https:\/\/dossies.agenciapatriciagalvao.org.br\/violencia-em-dados\/rejeicao-exclusao-social-e-marginalizacao-breve-panorama-das-pessoas-trans-e-travestis\/#breadcrumb"},"inLanguage":"pt-BR","potentialAction":[{"@type":"ReadAction","target":["https:\/\/dossies.agenciapatriciagalvao.org.br\/violencia-em-dados\/rejeicao-exclusao-social-e-marginalizacao-breve-panorama-das-pessoas-trans-e-travestis\/"]}]},{"@type":"ImageObject","inLanguage":"pt-BR","@id":"https:\/\/dossies.agenciapatriciagalvao.org.br\/violencia-em-dados\/rejeicao-exclusao-social-e-marginalizacao-breve-panorama-das-pessoas-trans-e-travestis\/#primaryimage","url":"https:\/\/assets-dossies-ipg-v2.nyc3.digitaloceanspaces.com\/sites\/5\/2021\/06\/Captura-de-tela-2022-06-18-211520.jpg","contentUrl":"https:\/\/assets-dossies-ipg-v2.nyc3.digitaloceanspaces.com\/sites\/5\/2021\/06\/Captura-de-tela-2022-06-18-211520.jpg","width":684,"height":539},{"@type":"BreadcrumbList","@id":"https:\/\/dossies.agenciapatriciagalvao.org.br\/violencia-em-dados\/rejeicao-exclusao-social-e-marginalizacao-breve-panorama-das-pessoas-trans-e-travestis\/#breadcrumb","itemListElement":[{"@type":"ListItem","position":1,"name":"Home","item":"https:\/\/dossies.agenciapatriciagalvao.org.br\/violencia-em-dados\/"},{"@type":"ListItem","position":2,"name":"Rejei\u00e7\u00e3o, exclus\u00e3o social e marginaliza\u00e7\u00e3o: breve panorama da viol\u00eancia contra as pessoas trans e travestis"}]},{"@type":"WebSite","@id":"https:\/\/dossies.agenciapatriciagalvao.org.br\/violencia-em-dados\/#website","url":"https:\/\/dossies.agenciapatriciagalvao.org.br\/violencia-em-dados\/","name":"Viol\u00eancia contra a mulher em dados","description":"&lt;strong&gt;Viol\u00eancia contra as Mulheres em Dados&lt;\/strong&gt; re\u00fane pesquisas e dados recentes relacionados \u00e0s viol\u00eancias contra as mulheres no Brasil, com base no monitoramento e curadoria realizados pelo Instituto Patr\u00edcia Galv\u00e3o \u2013 com foco na viol\u00eancia dom\u00e9stica, sexual e online, no feminic\u00eddio e na intersec\u00e7\u00e3o com o racismo e a LGBT+fobia.","potentialAction":[{"@type":"SearchAction","target":{"@type":"EntryPoint","urlTemplate":"https:\/\/dossies.agenciapatriciagalvao.org.br\/violencia-em-dados\/?s={search_term_string}"},"query-input":{"@type":"PropertyValueSpecification","valueRequired":true,"valueName":"search_term_string"}}],"inLanguage":"pt-BR"},{"@type":"Person","@id":"https:\/\/dossies.agenciapatriciagalvao.org.br\/violencia-em-dados\/#\/schema\/person\/6a352eedcfd87b58fd4941a3349e7aaa","name":"juliana","image":{"@type":"ImageObject","inLanguage":"pt-BR","@id":"https:\/\/secure.gravatar.com\/avatar\/53d87b1250de4d9c11862ac9931f7e9594413548736fd263e8376d165aaa8263?s=96&d=mm&r=g","url":"https:\/\/secure.gravatar.com\/avatar\/53d87b1250de4d9c11862ac9931f7e9594413548736fd263e8376d165aaa8263?s=96&d=mm&r=g","contentUrl":"https:\/\/secure.gravatar.com\/avatar\/53d87b1250de4d9c11862ac9931f7e9594413548736fd263e8376d165aaa8263?s=96&d=mm&r=g","caption":"juliana"},"url":"https:\/\/dossies.agenciapatriciagalvao.org.br\/violencia-em-dados\/author\/juliana\/"}]}},"views":1857,"_links":{"self":[{"href":"https:\/\/dossies.agenciapatriciagalvao.org.br\/violencia-em-dados\/wp-json\/wp\/v2\/posts\/1502","targetHints":{"allow":["GET"]}}],"collection":[{"href":"https:\/\/dossies.agenciapatriciagalvao.org.br\/violencia-em-dados\/wp-json\/wp\/v2\/posts"}],"about":[{"href":"https:\/\/dossies.agenciapatriciagalvao.org.br\/violencia-em-dados\/wp-json\/wp\/v2\/types\/post"}],"author":[{"embeddable":true,"href":"https:\/\/dossies.agenciapatriciagalvao.org.br\/violencia-em-dados\/wp-json\/wp\/v2\/users\/17"}],"replies":[{"embeddable":true,"href":"https:\/\/dossies.agenciapatriciagalvao.org.br\/violencia-em-dados\/wp-json\/wp\/v2\/comments?post=1502"}],"version-history":[{"count":4,"href":"https:\/\/dossies.agenciapatriciagalvao.org.br\/violencia-em-dados\/wp-json\/wp\/v2\/posts\/1502\/revisions"}],"predecessor-version":[{"id":1510,"href":"https:\/\/dossies.agenciapatriciagalvao.org.br\/violencia-em-dados\/wp-json\/wp\/v2\/posts\/1502\/revisions\/1510"}],"wp:featuredmedia":[{"embeddable":true,"href":"https:\/\/dossies.agenciapatriciagalvao.org.br\/violencia-em-dados\/wp-json\/wp\/v2\/media\/1976"}],"wp:attachment":[{"href":"https:\/\/dossies.agenciapatriciagalvao.org.br\/violencia-em-dados\/wp-json\/wp\/v2\/media?parent=1502"}],"wp:term":[{"taxonomy":"category","embeddable":true,"href":"https:\/\/dossies.agenciapatriciagalvao.org.br\/violencia-em-dados\/wp-json\/wp\/v2\/categories?post=1502"},{"taxonomy":"post_tag","embeddable":true,"href":"https:\/\/dossies.agenciapatriciagalvao.org.br\/violencia-em-dados\/wp-json\/wp\/v2\/tags?post=1502"}],"curies":[{"name":"wp","href":"https:\/\/api.w.org\/{rel}","templated":true}]}}